{"id":793,"date":"2023-09-28T08:00:58","date_gmt":"2023-09-28T14:00:58","guid":{"rendered":"https:\/\/laboratoriobioclinic.cr\/?p=793"},"modified":"2023-09-28T08:07:05","modified_gmt":"2023-09-28T14:07:05","slug":"enfermedades-respiratorias-ciclo-lluvioso","status":"publish","type":"post","link":"https:\/\/www.laboratoriobioclinic.cr\/es\/blog-es\/enfermedades-respiratorias-ciclo-lluvioso\/","title":{"rendered":"La lluvia y los problemas respiratorios en zonas tropicales"},"content":{"rendered":"<h2>\u00bfC\u00f3mo el ciclo lluvioso potencia las enfermedades respiratorias?<\/h2>\n<h4>Introducci\u00f3n<\/h4>\n<p>El ciclo lluvioso, aunque es un respiro para la tierra y una bendici\u00f3n para la agricultura, tambi\u00e9n trae consigo numerosas preocupaciones de salud. Una de las m\u00e1s relevantes es el aumento en la incidencia de enfermedades respiratorias. Pero, \u00bfqu\u00e9 hay detr\u00e1s de esta correlaci\u00f3n? Este art\u00edculo profundiza en c\u00f3mo el ciclo lluvioso afecta directa e indirectamente nuestra salud respiratoria.<\/p>\n<h4>Relaci\u00f3n entre humedad y enfermedades respiratorias<\/h4>\n<p>El nivel de humedad tiende a aumentar durante la temporada de lluvias. Este cambio ambiental tiene un impacto directo en nuestra salud, en especial en el sistema respiratorio. La humedad elevada favorece la proliferaci\u00f3n de microorganismos como virus y bacterias que pueden ser especialmente perjudiciales para las personas con enfermedades cr\u00f3nicas respiratorias, como el asma o la bronquitis.<\/p>\n<h4>Enfermedades m\u00e1s comunes durante el ciclo lluvioso<\/h4>\n<p><strong>Asma<\/strong>: El asma es una enfermedad cr\u00f3nica que puede verse agravada por el incremento de la humedad en el aire. El aire h\u00famedo puede hacer que las v\u00edas respiratorias se inflamen, lo que hace que respirar se vuelva m\u00e1s dif\u00edcil para los asm\u00e1ticos.<\/p>\n<p><strong>Bronquitis<\/strong>: La bronquitis es otra enfermedad que se ve agravada durante la temporada de lluvias. Los pat\u00f3genos que causan la bronquitis tienden a proliferar en entornos h\u00famedos, lo que aumenta la probabilidad de desarrollar esta enfermedad.<\/p>\n<p><strong>Neumon\u00eda<\/strong>: La neumon\u00eda es una infecci\u00f3n que inflama los sacos de aire en uno o ambos pulmones y que puede ser causada por una variedad de microorganismos, incluidos virus y bacterias. La temporada de lluvias ofrece un caldo de cultivo para estos pat\u00f3genos.<\/p>\n<h4>Medidas preventivas: La importancia de la ventilaci\u00f3n y la vacunaci\u00f3n<\/h4>\n<p>La prevenci\u00f3n juega un papel crucial en la lucha contra las enfermedades respiratorias, especialmente durante el ciclo lluvioso. Mantener los espacios interiores bien ventilados es una de las formas m\u00e1s efectivas de prevenir la proliferaci\u00f3n de pat\u00f3genos. Adem\u00e1s, la vacunaci\u00f3n contra la gripe y otras enfermedades respiratorias es altamente recomendable. Estas vacunas preparan al sistema inmunol\u00f3gico para combatir los pat\u00f3genos, reduciendo as\u00ed el riesgo de infecci\u00f3n.<\/p>\n<h4>S\u00edntomas a tener en cuenta y cu\u00e1ndo buscar atenci\u00f3n m\u00e9dica<\/h4>\n<p>Es vital estar atento a s\u00edntomas como tos persistente, dificultad para respirar, y fatiga. Si experimenta estos s\u00edntomas, especialmente si se prolongan o empeoran, es crucial consultar a un profesional de la salud para un diagn\u00f3stico y tratamiento adecuados.<\/p>\n<h4>Tratamientos disponibles<\/h4>\n<p>La naturaleza del tratamiento variar\u00e1 seg\u00fan la enfermedad diagnosticada. Por ejemplo, los antibi\u00f3ticos son comunes para tratar infecciones bacterianas como la neumon\u00eda, mientras que enfermedades como el asma requieren un enfoque m\u00e1s preventivo y de control a largo plazo, como el uso de inhaladores. En casos m\u00e1s graves, la hospitalizaci\u00f3n podr\u00eda ser necesaria para un tratamiento intensivo.<\/p>\n<h4>Mitos y realidades<\/h4>\n<p>Es com\u00fan escuchar diversas creencias populares sobre c\u00f3mo prevenir o curar enfermedades respiratorias durante la temporada de lluvias. Algunos optan por remedios caseros, mientras que otros evitan ciertos alimentos. Si bien algunas pr\u00e1cticas pueden ofrecer alivio temporal, es crucial confiar en informaci\u00f3n m\u00e9dica verificada para el tratamiento y la prevenci\u00f3n de estas enfermedades.<\/p>\n<h4>El papel de la dieta y el ejercicio<\/h4>\n<p>Una dieta equilibrada rica en vitaminas y minerales puede fortalecer el sistema inmunol\u00f3gico y ofrecer cierta protecci\u00f3n contra las enfermedades respiratorias. Adem\u00e1s, el ejercicio regular puede mejorar la capacidad pulmonar y la salud en general, aunque siempre es recomendable consultar a un m\u00e9dico antes de comenzar un nuevo r\u00e9gimen de ejercicio, especialmente para aquellos con enfermedades respiratorias preexistentes.<\/p>\n<h4>Complicaciones a largo plazo<\/h4>\n<p>Si no se tratan adecuadamente, las enfermedades respiratorias pueden llevar a complicaciones m\u00e1s graves, incluida la insuficiencia respiratoria. Por esta raz\u00f3n, es vital no ignorar los s\u00edntomas y buscar atenci\u00f3n m\u00e9dica adecuada lo antes posible.<\/p>\n<h4>Conclusi\u00f3n<\/h4>\n<p>El ciclo lluvioso, a pesar de sus muchos beneficios, tambi\u00e9n aumenta el riesgo de enfermedades respiratorias. La humedad del aire y la falta de ventilaci\u00f3n pueden ser terrenos f\u00e9rtiles para bacterias y virus que afectan nuestro sistema respiratorio. La prevenci\u00f3n, un diagn\u00f3stico temprano y un tratamiento adecuado son clave para navegar de manera segura a trav\u00e9s de esta temporada.<\/p>\n<p>Es crucial estar informado y tomar todas las medidas preventivas posibles para minimizar los riesgos para la salud que vienen con el ciclo lluvioso. Mantener una buena higiene, una dieta equilibrada y hacer ejercicio regularmente tambi\u00e9n son pasos positivos hacia una vida m\u00e1s saludable y resistente.<\/p>\n","protected":false},"excerpt":{"rendered":"<p>\u00bfC\u00f3mo el ciclo lluvioso potencia las enfermedades respiratorias? Introducci\u00f3n El ciclo lluvioso, aunque es un respiro para la tierra y una bendici\u00f3n para la agricultura, tambi\u00e9n trae consigo numerosas preocupaciones de salud. Una de las m\u00e1s relevantes es el aumento en la incidencia de enfermedades respiratorias. Pero, \u00bfqu\u00e9 hay detr\u00e1s de esta correlaci\u00f3n? Este art\u00edculo [&hellip;]<\/p>\n","protected":false},"author":2,"featured_media":795,"comment_status":"open","ping_status":"open","sticky":false,"template":"","format":"standard","meta":{"footnotes":""},"categories":[15],"tags":[571,572,568,569,570,573,54,462,575,574],"class_list":["post-793","post","type-post","status-publish","format-standard","has-post-thumbnail","hentry","category-blog-es","tag-asma","tag-bronquitis","tag-ciclo-lluvioso","tag-enfermedades-respiratorias","tag-humedad","tag-neumona","tag-prevencin","tag-sntomas","tag-vacunacin","tag-ventilacin"],"yoast_head":"<!-- This site is optimized with the Yoast SEO plugin v27.5 - https:\/\/yoast.com\/product\/yoast-seo-wordpress\/ -->\n<title>C\u00f3mo el ciclo lluvioso afecta la aparici\u00f3n de enfermedades respiratorias - Laboratorio Bioclinic<\/title>\n<meta name=\"description\" content=\"Descubre c\u00f3mo el ciclo lluvioso puede aumentar el riesgo de enfermedades respiratorias y qu\u00e9 medidas puedes tomar para protegerte.\" \/>\n<meta name=\"robots\" content=\"index, follow, max-snippet:-1, max-image-preview:large, max-video-preview:-1\" \/>\n<link rel=\"canonical\" href=\"https:\/\/www.laboratoriobioclinic.cr\/es\/blog-es\/enfermedades-respiratorias-ciclo-lluvioso\/\" \/>\n<meta property=\"og:locale\" content=\"es_ES\" \/>\n<meta property=\"og:type\" content=\"article\" \/>\n<meta property=\"og:title\" content=\"C\u00f3mo el ciclo lluvioso afecta la aparici\u00f3n de enfermedades respiratorias - Laboratorio Bioclinic\" \/>\n<meta property=\"og:description\" content=\"Descubre c\u00f3mo el ciclo lluvioso puede aumentar el riesgo de enfermedades respiratorias y qu\u00e9 medidas puedes tomar para protegerte.\" \/>\n<meta property=\"og:url\" content=\"https:\/\/www.laboratoriobioclinic.cr\/es\/blog-es\/enfermedades-respiratorias-ciclo-lluvioso\/\" \/>\n<meta property=\"og:site_name\" content=\"Laboratorio Bioclinic\" \/>\n<meta property=\"article:published_time\" content=\"2023-09-28T14:00:58+00:00\" \/>\n<meta property=\"article:modified_time\" content=\"2023-09-28T14:07:05+00:00\" \/>\n<meta property=\"og:image\" content=\"https:\/\/www.laboratoriobioclinic.cr\/wp-content\/uploads\/2023\/09\/la-lluvia-y-los-problemas-respiratorios-en-zonas-tropicales.png\" \/>\n\t<meta property=\"og:image:width\" content=\"653\" \/>\n\t<meta property=\"og:image:height\" content=\"306\" \/>\n\t<meta property=\"og:image:type\" content=\"image\/png\" \/>\n<meta name=\"author\" content=\"V\u00edctor Hern\u00e1ndez\" \/>\n<meta name=\"twitter:card\" content=\"summary_large_image\" \/>\n<meta name=\"twitter:label1\" content=\"Escrito por\" \/>\n\t<meta name=\"twitter:data1\" content=\"V\u00edctor Hern\u00e1ndez\" \/>\n\t<meta name=\"twitter:label2\" content=\"Tiempo de lectura\" \/>\n\t<meta name=\"twitter:data2\" content=\"4 minutos\" \/>\n<script type=\"application\/ld+json\" class=\"yoast-schema-graph\">{\"@context\":\"https:\\\/\\\/schema.org\",\"@graph\":[{\"@type\":\"Article\",\"@id\":\"https:\\\/\\\/www.laboratoriobioclinic.cr\\\/es\\\/blog-es\\\/enfermedades-respiratorias-ciclo-lluvioso\\\/#article\",\"isPartOf\":{\"@id\":\"https:\\\/\\\/www.laboratoriobioclinic.cr\\\/es\\\/blog-es\\\/enfermedades-respiratorias-ciclo-lluvioso\\\/\"},\"author\":{\"name\":\"V\u00edctor Hern\u00e1ndez\",\"@id\":\"https:\\\/\\\/www.laboratoriobioclinic.cr\\\/en\\\/#\\\/schema\\\/person\\\/22388802b822cf3b3ff7019581c95721\"},\"headline\":\"La lluvia y los problemas respiratorios en zonas tropicales\",\"datePublished\":\"2023-09-28T14:00:58+00:00\",\"dateModified\":\"2023-09-28T14:07:05+00:00\",\"mainEntityOfPage\":{\"@id\":\"https:\\\/\\\/www.laboratoriobioclinic.cr\\\/es\\\/blog-es\\\/enfermedades-respiratorias-ciclo-lluvioso\\\/\"},\"wordCount\":796,\"commentCount\":1,\"image\":{\"@id\":\"https:\\\/\\\/www.laboratoriobioclinic.cr\\\/es\\\/blog-es\\\/enfermedades-respiratorias-ciclo-lluvioso\\\/#primaryimage\"},\"thumbnailUrl\":\"https:\\\/\\\/www.laboratoriobioclinic.cr\\\/wp-content\\\/uploads\\\/2023\\\/09\\\/la-lluvia-y-los-problemas-respiratorios-en-zonas-tropicales.png\",\"keywords\":[\"asma\",\"bronquitis\",\"ciclo lluvioso\",\"enfermedades respiratorias\",\"humedad\",\"neumon\u00eda\",\"prevenci\u00f3n\",\"s\u00edntomas\",\"vacunaci\u00f3n\",\"ventilaci\u00f3n\"],\"articleSection\":[\"Blog ES\"],\"inLanguage\":\"es\",\"potentialAction\":[{\"@type\":\"CommentAction\",\"name\":\"Comment\",\"target\":[\"https:\\\/\\\/www.laboratoriobioclinic.cr\\\/es\\\/blog-es\\\/enfermedades-respiratorias-ciclo-lluvioso\\\/#respond\"]}]},{\"@type\":\"WebPage\",\"@id\":\"https:\\\/\\\/www.laboratoriobioclinic.cr\\\/es\\\/blog-es\\\/enfermedades-respiratorias-ciclo-lluvioso\\\/\",\"url\":\"https:\\\/\\\/www.laboratoriobioclinic.cr\\\/es\\\/blog-es\\\/enfermedades-respiratorias-ciclo-lluvioso\\\/\",\"name\":\"C\u00f3mo el ciclo lluvioso afecta la aparici\u00f3n de enfermedades respiratorias - Laboratorio Bioclinic\",\"isPartOf\":{\"@id\":\"https:\\\/\\\/www.laboratoriobioclinic.cr\\\/en\\\/#website\"},\"primaryImageOfPage\":{\"@id\":\"https:\\\/\\\/www.laboratoriobioclinic.cr\\\/es\\\/blog-es\\\/enfermedades-respiratorias-ciclo-lluvioso\\\/#primaryimage\"},\"image\":{\"@id\":\"https:\\\/\\\/www.laboratoriobioclinic.cr\\\/es\\\/blog-es\\\/enfermedades-respiratorias-ciclo-lluvioso\\\/#primaryimage\"},\"thumbnailUrl\":\"https:\\\/\\\/www.laboratoriobioclinic.cr\\\/wp-content\\\/uploads\\\/2023\\\/09\\\/la-lluvia-y-los-problemas-respiratorios-en-zonas-tropicales.png\",\"datePublished\":\"2023-09-28T14:00:58+00:00\",\"dateModified\":\"2023-09-28T14:07:05+00:00\",\"author\":{\"@id\":\"https:\\\/\\\/www.laboratoriobioclinic.cr\\\/en\\\/#\\\/schema\\\/person\\\/22388802b822cf3b3ff7019581c95721\"},\"description\":\"Descubre c\u00f3mo el ciclo lluvioso puede aumentar el riesgo de enfermedades respiratorias y qu\u00e9 medidas puedes tomar para protegerte.\",\"inLanguage\":\"es\",\"potentialAction\":[{\"@type\":\"ReadAction\",\"target\":[\"https:\\\/\\\/www.laboratoriobioclinic.cr\\\/es\\\/blog-es\\\/enfermedades-respiratorias-ciclo-lluvioso\\\/\"]}]},{\"@type\":\"ImageObject\",\"inLanguage\":\"es\",\"@id\":\"https:\\\/\\\/www.laboratoriobioclinic.cr\\\/es\\\/blog-es\\\/enfermedades-respiratorias-ciclo-lluvioso\\\/#primaryimage\",\"url\":\"https:\\\/\\\/www.laboratoriobioclinic.cr\\\/wp-content\\\/uploads\\\/2023\\\/09\\\/la-lluvia-y-los-problemas-respiratorios-en-zonas-tropicales.png\",\"contentUrl\":\"https:\\\/\\\/www.laboratoriobioclinic.cr\\\/wp-content\\\/uploads\\\/2023\\\/09\\\/la-lluvia-y-los-problemas-respiratorios-en-zonas-tropicales.png\",\"width\":653,\"height\":306,\"caption\":\"Problemas respiratorios en zonas tropicales\"},{\"@type\":\"WebSite\",\"@id\":\"https:\\\/\\\/www.laboratoriobioclinic.cr\\\/en\\\/#website\",\"url\":\"https:\\\/\\\/www.laboratoriobioclinic.cr\\\/en\\\/\",\"name\":\"Laboratorio Bioclinic\",\"description\":\"An\u00e1lisis cl\u00ednicos | Puerto Viejo | Lim\u00f3n\",\"potentialAction\":[{\"@type\":\"SearchAction\",\"target\":{\"@type\":\"EntryPoint\",\"urlTemplate\":\"https:\\\/\\\/www.laboratoriobioclinic.cr\\\/en\\\/?s={search_term_string}\"},\"query-input\":{\"@type\":\"PropertyValueSpecification\",\"valueRequired\":true,\"valueName\":\"search_term_string\"}}],\"inLanguage\":\"es\"},{\"@type\":\"Person\",\"@id\":\"https:\\\/\\\/www.laboratoriobioclinic.cr\\\/en\\\/#\\\/schema\\\/person\\\/22388802b822cf3b3ff7019581c95721\",\"name\":\"V\u00edctor Hern\u00e1ndez\",\"image\":{\"@type\":\"ImageObject\",\"inLanguage\":\"es\",\"@id\":\"https:\\\/\\\/secure.gravatar.com\\\/avatar\\\/df86c8d5b329d3be6dc959b83558672fb6ce1002eb345c198ef5458738b7ce88?s=96&d=mm&r=g\",\"url\":\"https:\\\/\\\/secure.gravatar.com\\\/avatar\\\/df86c8d5b329d3be6dc959b83558672fb6ce1002eb345c198ef5458738b7ce88?s=96&d=mm&r=g\",\"contentUrl\":\"https:\\\/\\\/secure.gravatar.com\\\/avatar\\\/df86c8d5b329d3be6dc959b83558672fb6ce1002eb345c198ef5458738b7ce88?s=96&d=mm&r=g\",\"caption\":\"V\u00edctor Hern\u00e1ndez\"},\"url\":\"https:\\\/\\\/www.laboratoriobioclinic.cr\\\/es\\\/author\\\/victor\\\/\"}]}<\/script>\n<!-- \/ Yoast SEO plugin. -->","yoast_head_json":{"title":"C\u00f3mo el ciclo lluvioso afecta la aparici\u00f3n de enfermedades respiratorias - Laboratorio Bioclinic","description":"Descubre c\u00f3mo el ciclo lluvioso puede aumentar el riesgo de enfermedades respiratorias y qu\u00e9 medidas puedes tomar para protegerte.","robots":{"index":"index","follow":"follow","max-snippet":"max-snippet:-1","max-image-preview":"max-image-preview:large","max-video-preview":"max-video-preview:-1"},"canonical":"https:\/\/www.laboratoriobioclinic.cr\/es\/blog-es\/enfermedades-respiratorias-ciclo-lluvioso\/","og_locale":"es_ES","og_type":"article","og_title":"C\u00f3mo el ciclo lluvioso afecta la aparici\u00f3n de enfermedades respiratorias - Laboratorio Bioclinic","og_description":"Descubre c\u00f3mo el ciclo lluvioso puede aumentar el riesgo de enfermedades respiratorias y qu\u00e9 medidas puedes tomar para protegerte.","og_url":"https:\/\/www.laboratoriobioclinic.cr\/es\/blog-es\/enfermedades-respiratorias-ciclo-lluvioso\/","og_site_name":"Laboratorio Bioclinic","article_published_time":"2023-09-28T14:00:58+00:00","article_modified_time":"2023-09-28T14:07:05+00:00","og_image":[{"width":653,"height":306,"url":"https:\/\/www.laboratoriobioclinic.cr\/wp-content\/uploads\/2023\/09\/la-lluvia-y-los-problemas-respiratorios-en-zonas-tropicales.png","type":"image\/png"}],"author":"V\u00edctor Hern\u00e1ndez","twitter_card":"summary_large_image","twitter_misc":{"Escrito por":"V\u00edctor Hern\u00e1ndez","Tiempo de lectura":"4 minutos"},"schema":{"@context":"https:\/\/schema.org","@graph":[{"@type":"Article","@id":"https:\/\/www.laboratoriobioclinic.cr\/es\/blog-es\/enfermedades-respiratorias-ciclo-lluvioso\/#article","isPartOf":{"@id":"https:\/\/www.laboratoriobioclinic.cr\/es\/blog-es\/enfermedades-respiratorias-ciclo-lluvioso\/"},"author":{"name":"V\u00edctor Hern\u00e1ndez","@id":"https:\/\/www.laboratoriobioclinic.cr\/en\/#\/schema\/person\/22388802b822cf3b3ff7019581c95721"},"headline":"La lluvia y los problemas respiratorios en zonas tropicales","datePublished":"2023-09-28T14:00:58+00:00","dateModified":"2023-09-28T14:07:05+00:00","mainEntityOfPage":{"@id":"https:\/\/www.laboratoriobioclinic.cr\/es\/blog-es\/enfermedades-respiratorias-ciclo-lluvioso\/"},"wordCount":796,"commentCount":1,"image":{"@id":"https:\/\/www.laboratoriobioclinic.cr\/es\/blog-es\/enfermedades-respiratorias-ciclo-lluvioso\/#primaryimage"},"thumbnailUrl":"https:\/\/www.laboratoriobioclinic.cr\/wp-content\/uploads\/2023\/09\/la-lluvia-y-los-problemas-respiratorios-en-zonas-tropicales.png","keywords":["asma","bronquitis","ciclo lluvioso","enfermedades respiratorias","humedad","neumon\u00eda","prevenci\u00f3n","s\u00edntomas","vacunaci\u00f3n","ventilaci\u00f3n"],"articleSection":["Blog ES"],"inLanguage":"es","potentialAction":[{"@type":"CommentAction","name":"Comment","target":["https:\/\/www.laboratoriobioclinic.cr\/es\/blog-es\/enfermedades-respiratorias-ciclo-lluvioso\/#respond"]}]},{"@type":"WebPage","@id":"https:\/\/www.laboratoriobioclinic.cr\/es\/blog-es\/enfermedades-respiratorias-ciclo-lluvioso\/","url":"https:\/\/www.laboratoriobioclinic.cr\/es\/blog-es\/enfermedades-respiratorias-ciclo-lluvioso\/","name":"C\u00f3mo el ciclo lluvioso afecta la aparici\u00f3n de enfermedades respiratorias - Laboratorio Bioclinic","isPartOf":{"@id":"https:\/\/www.laboratoriobioclinic.cr\/en\/#website"},"primaryImageOfPage":{"@id":"https:\/\/www.laboratoriobioclinic.cr\/es\/blog-es\/enfermedades-respiratorias-ciclo-lluvioso\/#primaryimage"},"image":{"@id":"https:\/\/www.laboratoriobioclinic.cr\/es\/blog-es\/enfermedades-respiratorias-ciclo-lluvioso\/#primaryimage"},"thumbnailUrl":"https:\/\/www.laboratoriobioclinic.cr\/wp-content\/uploads\/2023\/09\/la-lluvia-y-los-problemas-respiratorios-en-zonas-tropicales.png","datePublished":"2023-09-28T14:00:58+00:00","dateModified":"2023-09-28T14:07:05+00:00","author":{"@id":"https:\/\/www.laboratoriobioclinic.cr\/en\/#\/schema\/person\/22388802b822cf3b3ff7019581c95721"},"description":"Descubre c\u00f3mo el ciclo lluvioso puede aumentar el riesgo de enfermedades respiratorias y qu\u00e9 medidas puedes tomar para protegerte.","inLanguage":"es","potentialAction":[{"@type":"ReadAction","target":["https:\/\/www.laboratoriobioclinic.cr\/es\/blog-es\/enfermedades-respiratorias-ciclo-lluvioso\/"]}]},{"@type":"ImageObject","inLanguage":"es","@id":"https:\/\/www.laboratoriobioclinic.cr\/es\/blog-es\/enfermedades-respiratorias-ciclo-lluvioso\/#primaryimage","url":"https:\/\/www.laboratoriobioclinic.cr\/wp-content\/uploads\/2023\/09\/la-lluvia-y-los-problemas-respiratorios-en-zonas-tropicales.png","contentUrl":"https:\/\/www.laboratoriobioclinic.cr\/wp-content\/uploads\/2023\/09\/la-lluvia-y-los-problemas-respiratorios-en-zonas-tropicales.png","width":653,"height":306,"caption":"Problemas respiratorios en zonas tropicales"},{"@type":"WebSite","@id":"https:\/\/www.laboratoriobioclinic.cr\/en\/#website","url":"https:\/\/www.laboratoriobioclinic.cr\/en\/","name":"Laboratorio Bioclinic","description":"An\u00e1lisis cl\u00ednicos | Puerto Viejo | Lim\u00f3n","potentialAction":[{"@type":"SearchAction","target":{"@type":"EntryPoint","urlTemplate":"https:\/\/www.laboratoriobioclinic.cr\/en\/?s={search_term_string}"},"query-input":{"@type":"PropertyValueSpecification","valueRequired":true,"valueName":"search_term_string"}}],"inLanguage":"es"},{"@type":"Person","@id":"https:\/\/www.laboratoriobioclinic.cr\/en\/#\/schema\/person\/22388802b822cf3b3ff7019581c95721","name":"V\u00edctor Hern\u00e1ndez","image":{"@type":"ImageObject","inLanguage":"es","@id":"https:\/\/secure.gravatar.com\/avatar\/df86c8d5b329d3be6dc959b83558672fb6ce1002eb345c198ef5458738b7ce88?s=96&d=mm&r=g","url":"https:\/\/secure.gravatar.com\/avatar\/df86c8d5b329d3be6dc959b83558672fb6ce1002eb345c198ef5458738b7ce88?s=96&d=mm&r=g","contentUrl":"https:\/\/secure.gravatar.com\/avatar\/df86c8d5b329d3be6dc959b83558672fb6ce1002eb345c198ef5458738b7ce88?s=96&d=mm&r=g","caption":"V\u00edctor Hern\u00e1ndez"},"url":"https:\/\/www.laboratoriobioclinic.cr\/es\/author\/victor\/"}]}},"_links":{"self":[{"href":"https:\/\/www.laboratoriobioclinic.cr\/es\/wp-json\/wp\/v2\/posts\/793","targetHints":{"allow":["GET"]}}],"collection":[{"href":"https:\/\/www.laboratoriobioclinic.cr\/es\/wp-json\/wp\/v2\/posts"}],"about":[{"href":"https:\/\/www.laboratoriobioclinic.cr\/es\/wp-json\/wp\/v2\/types\/post"}],"author":[{"embeddable":true,"href":"https:\/\/www.laboratoriobioclinic.cr\/es\/wp-json\/wp\/v2\/users\/2"}],"replies":[{"embeddable":true,"href":"https:\/\/www.laboratoriobioclinic.cr\/es\/wp-json\/wp\/v2\/comments?post=793"}],"version-history":[{"count":2,"href":"https:\/\/www.laboratoriobioclinic.cr\/es\/wp-json\/wp\/v2\/posts\/793\/revisions"}],"predecessor-version":[{"id":797,"href":"https:\/\/www.laboratoriobioclinic.cr\/es\/wp-json\/wp\/v2\/posts\/793\/revisions\/797"}],"wp:featuredmedia":[{"embeddable":true,"href":"https:\/\/www.laboratoriobioclinic.cr\/es\/wp-json\/wp\/v2\/media\/795"}],"wp:attachment":[{"href":"https:\/\/www.laboratoriobioclinic.cr\/es\/wp-json\/wp\/v2\/media?parent=793"}],"wp:term":[{"taxonomy":"category","embeddable":true,"href":"https:\/\/www.laboratoriobioclinic.cr\/es\/wp-json\/wp\/v2\/categories?post=793"},{"taxonomy":"post_tag","embeddable":true,"href":"https:\/\/www.laboratoriobioclinic.cr\/es\/wp-json\/wp\/v2\/tags?post=793"}],"curies":[{"name":"wp","href":"https:\/\/api.w.org\/{rel}","templated":true}]}}