{"id":362,"date":"2021-11-08T10:12:42","date_gmt":"2021-11-08T16:12:42","guid":{"rendered":"https:\/\/laboratoriobioclinic.cr\/?p=362"},"modified":"2021-11-08T11:48:49","modified_gmt":"2021-11-08T17:48:49","slug":"ee-uu-reabre-sus-fronteras-a-viajeros-con-esquema-completo-de-vacunaci%c3%b3n","status":"publish","type":"post","link":"https:\/\/www.laboratoriobioclinic.cr\/es\/blog-es\/ee-uu-reabre-sus-fronteras-a-viajeros-con-esquema-completo-de-vacunaci%c3%b3n\/","title":{"rendered":"EE.UU. reabre sus fronteras a viajeros con esquema completo de vacunaci\u00f3n"},"content":{"rendered":"<h5>Estados Unidos reabri\u00f3 este lunes sus fronteras terrestres y a\u00e9reas a los visitantes extranjeros vacunados contra la covid-19<\/h5>\n<p>Se pone fin a 20 meses de restricciones de viaje que separaron familias, perjudicaron el turismo y tensaron lazos diplom\u00e1ticos con buena parte del mundo.<\/p>\n<p><img loading=\"lazy\" decoding=\"async\" class=\"alignnone size-medium wp-image-379\" src=\"https:\/\/laboratoriobioclinic.cr\/wp-content\/uploads\/2021\/11\/Requisitos-entrada-EEUU-300x300.png\" alt=\"\" width=\"300\" height=\"300\" srcset=\"https:\/\/www.laboratoriobioclinic.cr\/wp-content\/uploads\/2021\/11\/Requisitos-entrada-EEUU-300x300.png 300w, https:\/\/www.laboratoriobioclinic.cr\/wp-content\/uploads\/2021\/11\/Requisitos-entrada-EEUU-1024x1024.png 1024w, https:\/\/www.laboratoriobioclinic.cr\/wp-content\/uploads\/2021\/11\/Requisitos-entrada-EEUU-150x150.png 150w, https:\/\/www.laboratoriobioclinic.cr\/wp-content\/uploads\/2021\/11\/Requisitos-entrada-EEUU-768x768.png 768w, https:\/\/www.laboratoriobioclinic.cr\/wp-content\/uploads\/2021\/11\/Requisitos-entrada-EEUU.png 1200w\" sizes=\"auto, (max-width: 300px) 100vw, 300px\" \/><img loading=\"lazy\" decoding=\"async\" class=\"alignnone size-medium wp-image-381\" src=\"https:\/\/laboratoriobioclinic.cr\/wp-content\/uploads\/2021\/11\/Requisitos-entrada-EEUU-2-300x300.png\" alt=\"\" width=\"300\" height=\"300\" srcset=\"https:\/\/www.laboratoriobioclinic.cr\/wp-content\/uploads\/2021\/11\/Requisitos-entrada-EEUU-2-300x300.png 300w, https:\/\/www.laboratoriobioclinic.cr\/wp-content\/uploads\/2021\/11\/Requisitos-entrada-EEUU-2-1024x1024.png 1024w, https:\/\/www.laboratoriobioclinic.cr\/wp-content\/uploads\/2021\/11\/Requisitos-entrada-EEUU-2-150x150.png 150w, https:\/\/www.laboratoriobioclinic.cr\/wp-content\/uploads\/2021\/11\/Requisitos-entrada-EEUU-2-768x768.png 768w, https:\/\/www.laboratoriobioclinic.cr\/wp-content\/uploads\/2021\/11\/Requisitos-entrada-EEUU-2.png 1200w\" sizes=\"auto, (max-width: 300px) 100vw, 300px\" \/><\/p>\n<p><strong>Algunas restricciones quedan<\/strong><\/p>\n<p>El levantamiento de la prohibici\u00f3n de viajar afectar\u00e1 a m\u00e1s de 30 pa\u00edses, pero el ingreso a Estados Unidos no estar\u00e1 totalmente abierto.<\/p>\n<p>Las autoridades estadounidenses tienen previsto vigilar de cerca el estado de vacunaci\u00f3n de los viajeros y seguir\u00e1n exigiendo que presenten los resultados negativos de la prueba de covid-19.<\/p>\n<p>La reapertura se producir\u00e1 en dos fases. A partir del lunes, se exigir\u00e1n <strong>pruebas de vacunaci\u00f3n<\/strong> para los viajes \u201cno esenciales\u201d \u2014como las visitas familiares o el turismo\u2014, aunque se seguir\u00e1 permitiendo la entrada al pa\u00eds a los viajeros no vacunados para viajes \u201cesenciales\u201d.<\/p>\n<p>Una segunda fase, que comenzar\u00e1 a principios de enero, exigir\u00e1 que todos los visitantes est\u00e9n <strong>completamente vacunados<\/strong> para entrar en Estados Unidos por tierra, sin importar el motivo de su viaje.<\/p>\n<p>Las autoridades sanitarias estadounidenses han dicho que todas las vacunas aprobadas por la Administraci\u00f3n de Alimentos y Medicamentos (<a href=\"https:\/\/www.fda.gov\/\">FDA<\/a>) y la Organizaci\u00f3n Mundial de la Salud (<a href=\"https:\/\/www.who.int\/es\">OMS<\/a>) ser\u00e1n aceptadas para entrar por aire.<\/p>\n<p><strong>Impacto en Latinoam\u00e9rica<\/strong><\/p>\n<p>Por eso, muchos viajeros de Latinoam\u00e9rica y el Caribe podr\u00edan tener ahora dificultades para ingresar, bien porque no han tenido acceso a la vacuna o bien porque no fueron vacunados con inmunizantes aprobados por las autoridades estadounidenses. En el caso de los costarricenses vacunados en <strong>Costa Rica<\/strong>, no hay ning\u00fan problema, ya que las vacunas utilizadas en nuestro pa\u00eds,<strong> s\u00ed est\u00e1n reconocidas<\/strong> por los EE.UU.<\/p>\n<p>Fuente: Naci\u00f3n<\/p>\n<p>Imagen: SJO<\/p>\n","protected":false},"excerpt":{"rendered":"<p>Estados Unidos reabri\u00f3 este lunes sus fronteras terrestres y a\u00e9reas a los visitantes extranjeros vacunados contra la covid-19 Se pone fin a 20 meses de restricciones de viaje que separaron familias, perjudicaron el turismo y tensaron lazos diplom\u00e1ticos con buena parte del mundo. Algunas restricciones quedan El levantamiento de la prohibici\u00f3n de viajar afectar\u00e1 a [&hellip;]<\/p>\n","protected":false},"author":2,"featured_media":363,"comment_status":"open","ping_status":"open","sticky":false,"template":"","format":"standard","meta":{"footnotes":""},"categories":[15],"tags":[43,68,71,73,72,69,74,70],"class_list":["post-362","post","type-post","status-publish","format-standard","has-post-thumbnail","hentry","category-blog-es","tag-costa-rica","tag-ee-uu","tag-fda","tag-fronteras","tag-oms","tag-viajar","tag-viajeros","tag-viajes-no-esenciales"],"yoast_head":"<!-- This site is optimized with the Yoast SEO plugin v27.5 - https:\/\/yoast.com\/product\/yoast-seo-wordpress\/ -->\n<title>EE.UU. reabre sus fronteras a viajeros - Laboratorio Bioclinic<\/title>\n<meta name=\"description\" content=\"Estados Unidos reabri\u00f3 este lunes sus fronteras terrestres y a\u00e9reas a los visitantes extranjeros vacunados contra la covid-19.\" \/>\n<meta name=\"robots\" content=\"index, follow, max-snippet:-1, max-image-preview:large, max-video-preview:-1\" \/>\n<link rel=\"canonical\" href=\"https:\/\/www.laboratoriobioclinic.cr\/es\/blog-es\/ee-uu-reabre-sus-fronteras-a-viajeros-con-esquema-completo-de-vacunaci\u00f3n\/\" \/>\n<meta property=\"og:locale\" content=\"es_ES\" \/>\n<meta property=\"og:type\" content=\"article\" \/>\n<meta property=\"og:title\" content=\"EE.UU. reabre sus fronteras a viajeros - Laboratorio Bioclinic\" \/>\n<meta property=\"og:description\" content=\"Estados Unidos reabri\u00f3 este lunes sus fronteras terrestres y a\u00e9reas a los visitantes extranjeros vacunados contra la covid-19.\" \/>\n<meta property=\"og:url\" content=\"https:\/\/www.laboratoriobioclinic.cr\/es\/blog-es\/ee-uu-reabre-sus-fronteras-a-viajeros-con-esquema-completo-de-vacunaci\u00f3n\/\" \/>\n<meta property=\"og:site_name\" content=\"Laboratorio Bioclinic\" \/>\n<meta property=\"article:published_time\" content=\"2021-11-08T16:12:42+00:00\" \/>\n<meta property=\"article:modified_time\" content=\"2021-11-08T17:48:49+00:00\" \/>\n<meta property=\"og:image\" content=\"https:\/\/www.laboratoriobioclinic.cr\/wp-content\/uploads\/2021\/11\/EE.UU_.-reabre-sus-fronteras-a-viajeros-con-esquema-completo-de-vacunacion.jpg\" \/>\n\t<meta property=\"og:image:width\" content=\"640\" \/>\n\t<meta property=\"og:image:height\" content=\"410\" \/>\n\t<meta property=\"og:image:type\" content=\"image\/jpeg\" \/>\n<meta name=\"author\" content=\"V\u00edctor Hern\u00e1ndez\" \/>\n<meta name=\"twitter:card\" content=\"summary_large_image\" \/>\n<meta name=\"twitter:label1\" content=\"Escrito por\" \/>\n\t<meta name=\"twitter:data1\" content=\"V\u00edctor Hern\u00e1ndez\" \/>\n\t<meta name=\"twitter:label2\" content=\"Tiempo de lectura\" \/>\n\t<meta name=\"twitter:data2\" content=\"2 minutos\" \/>\n<script type=\"application\/ld+json\" class=\"yoast-schema-graph\">{\"@context\":\"https:\\\/\\\/schema.org\",\"@graph\":[{\"@type\":\"Article\",\"@id\":\"https:\\\/\\\/www.laboratoriobioclinic.cr\\\/es\\\/blog-es\\\/ee-uu-reabre-sus-fronteras-a-viajeros-con-esquema-completo-de-vacunaci%c3%b3n\\\/#article\",\"isPartOf\":{\"@id\":\"https:\\\/\\\/www.laboratoriobioclinic.cr\\\/es\\\/blog-es\\\/ee-uu-reabre-sus-fronteras-a-viajeros-con-esquema-completo-de-vacunaci%c3%b3n\\\/\"},\"author\":{\"name\":\"V\u00edctor Hern\u00e1ndez\",\"@id\":\"https:\\\/\\\/www.laboratoriobioclinic.cr\\\/en\\\/#\\\/schema\\\/person\\\/22388802b822cf3b3ff7019581c95721\"},\"headline\":\"EE.UU. reabre sus fronteras a viajeros con esquema completo de vacunaci\u00f3n\",\"datePublished\":\"2021-11-08T16:12:42+00:00\",\"dateModified\":\"2021-11-08T17:48:49+00:00\",\"mainEntityOfPage\":{\"@id\":\"https:\\\/\\\/www.laboratoriobioclinic.cr\\\/es\\\/blog-es\\\/ee-uu-reabre-sus-fronteras-a-viajeros-con-esquema-completo-de-vacunaci%c3%b3n\\\/\"},\"wordCount\":310,\"commentCount\":0,\"image\":{\"@id\":\"https:\\\/\\\/www.laboratoriobioclinic.cr\\\/es\\\/blog-es\\\/ee-uu-reabre-sus-fronteras-a-viajeros-con-esquema-completo-de-vacunaci%c3%b3n\\\/#primaryimage\"},\"thumbnailUrl\":\"https:\\\/\\\/www.laboratoriobioclinic.cr\\\/wp-content\\\/uploads\\\/2021\\\/11\\\/EE.UU_.-reabre-sus-fronteras-a-viajeros-con-esquema-completo-de-vacunacion.jpg\",\"keywords\":[\"costa rica\",\"EE.UU.\",\"FDA\",\"fronteras\",\"OMS\",\"viajar\",\"viajeros\",\"viajes no esenciales\"],\"articleSection\":[\"Blog ES\"],\"inLanguage\":\"es\",\"potentialAction\":[{\"@type\":\"CommentAction\",\"name\":\"Comment\",\"target\":[\"https:\\\/\\\/www.laboratoriobioclinic.cr\\\/es\\\/blog-es\\\/ee-uu-reabre-sus-fronteras-a-viajeros-con-esquema-completo-de-vacunaci%c3%b3n\\\/#respond\"]}]},{\"@type\":\"WebPage\",\"@id\":\"https:\\\/\\\/www.laboratoriobioclinic.cr\\\/es\\\/blog-es\\\/ee-uu-reabre-sus-fronteras-a-viajeros-con-esquema-completo-de-vacunaci%c3%b3n\\\/\",\"url\":\"https:\\\/\\\/www.laboratoriobioclinic.cr\\\/es\\\/blog-es\\\/ee-uu-reabre-sus-fronteras-a-viajeros-con-esquema-completo-de-vacunaci%c3%b3n\\\/\",\"name\":\"EE.UU. reabre sus fronteras a viajeros - Laboratorio Bioclinic\",\"isPartOf\":{\"@id\":\"https:\\\/\\\/www.laboratoriobioclinic.cr\\\/en\\\/#website\"},\"primaryImageOfPage\":{\"@id\":\"https:\\\/\\\/www.laboratoriobioclinic.cr\\\/es\\\/blog-es\\\/ee-uu-reabre-sus-fronteras-a-viajeros-con-esquema-completo-de-vacunaci%c3%b3n\\\/#primaryimage\"},\"image\":{\"@id\":\"https:\\\/\\\/www.laboratoriobioclinic.cr\\\/es\\\/blog-es\\\/ee-uu-reabre-sus-fronteras-a-viajeros-con-esquema-completo-de-vacunaci%c3%b3n\\\/#primaryimage\"},\"thumbnailUrl\":\"https:\\\/\\\/www.laboratoriobioclinic.cr\\\/wp-content\\\/uploads\\\/2021\\\/11\\\/EE.UU_.-reabre-sus-fronteras-a-viajeros-con-esquema-completo-de-vacunacion.jpg\",\"datePublished\":\"2021-11-08T16:12:42+00:00\",\"dateModified\":\"2021-11-08T17:48:49+00:00\",\"author\":{\"@id\":\"https:\\\/\\\/www.laboratoriobioclinic.cr\\\/en\\\/#\\\/schema\\\/person\\\/22388802b822cf3b3ff7019581c95721\"},\"description\":\"Estados Unidos reabri\u00f3 este lunes sus fronteras terrestres y a\u00e9reas a los visitantes extranjeros vacunados contra la covid-19.\",\"inLanguage\":\"es\",\"potentialAction\":[{\"@type\":\"ReadAction\",\"target\":[\"https:\\\/\\\/www.laboratoriobioclinic.cr\\\/es\\\/blog-es\\\/ee-uu-reabre-sus-fronteras-a-viajeros-con-esquema-completo-de-vacunaci%c3%b3n\\\/\"]}]},{\"@type\":\"ImageObject\",\"inLanguage\":\"es\",\"@id\":\"https:\\\/\\\/www.laboratoriobioclinic.cr\\\/es\\\/blog-es\\\/ee-uu-reabre-sus-fronteras-a-viajeros-con-esquema-completo-de-vacunaci%c3%b3n\\\/#primaryimage\",\"url\":\"https:\\\/\\\/www.laboratoriobioclinic.cr\\\/wp-content\\\/uploads\\\/2021\\\/11\\\/EE.UU_.-reabre-sus-fronteras-a-viajeros-con-esquema-completo-de-vacunacion.jpg\",\"contentUrl\":\"https:\\\/\\\/www.laboratoriobioclinic.cr\\\/wp-content\\\/uploads\\\/2021\\\/11\\\/EE.UU_.-reabre-sus-fronteras-a-viajeros-con-esquema-completo-de-vacunacion.jpg\",\"width\":640,\"height\":410,\"caption\":\"reapertura fronteras EE.UU.\"},{\"@type\":\"WebSite\",\"@id\":\"https:\\\/\\\/www.laboratoriobioclinic.cr\\\/en\\\/#website\",\"url\":\"https:\\\/\\\/www.laboratoriobioclinic.cr\\\/en\\\/\",\"name\":\"Laboratorio Bioclinic\",\"description\":\"An\u00e1lisis cl\u00ednicos | Puerto Viejo | Lim\u00f3n\",\"potentialAction\":[{\"@type\":\"SearchAction\",\"target\":{\"@type\":\"EntryPoint\",\"urlTemplate\":\"https:\\\/\\\/www.laboratoriobioclinic.cr\\\/en\\\/?s={search_term_string}\"},\"query-input\":{\"@type\":\"PropertyValueSpecification\",\"valueRequired\":true,\"valueName\":\"search_term_string\"}}],\"inLanguage\":\"es\"},{\"@type\":\"Person\",\"@id\":\"https:\\\/\\\/www.laboratoriobioclinic.cr\\\/en\\\/#\\\/schema\\\/person\\\/22388802b822cf3b3ff7019581c95721\",\"name\":\"V\u00edctor Hern\u00e1ndez\",\"image\":{\"@type\":\"ImageObject\",\"inLanguage\":\"es\",\"@id\":\"https:\\\/\\\/secure.gravatar.com\\\/avatar\\\/df86c8d5b329d3be6dc959b83558672fb6ce1002eb345c198ef5458738b7ce88?s=96&d=mm&r=g\",\"url\":\"https:\\\/\\\/secure.gravatar.com\\\/avatar\\\/df86c8d5b329d3be6dc959b83558672fb6ce1002eb345c198ef5458738b7ce88?s=96&d=mm&r=g\",\"contentUrl\":\"https:\\\/\\\/secure.gravatar.com\\\/avatar\\\/df86c8d5b329d3be6dc959b83558672fb6ce1002eb345c198ef5458738b7ce88?s=96&d=mm&r=g\",\"caption\":\"V\u00edctor Hern\u00e1ndez\"},\"url\":\"https:\\\/\\\/www.laboratoriobioclinic.cr\\\/es\\\/author\\\/victor\\\/\"}]}<\/script>\n<!-- \/ Yoast SEO plugin. -->","yoast_head_json":{"title":"EE.UU. reabre sus fronteras a viajeros - Laboratorio Bioclinic","description":"Estados Unidos reabri\u00f3 este lunes sus fronteras terrestres y a\u00e9reas a los visitantes extranjeros vacunados contra la covid-19.","robots":{"index":"index","follow":"follow","max-snippet":"max-snippet:-1","max-image-preview":"max-image-preview:large","max-video-preview":"max-video-preview:-1"},"canonical":"https:\/\/www.laboratoriobioclinic.cr\/es\/blog-es\/ee-uu-reabre-sus-fronteras-a-viajeros-con-esquema-completo-de-vacunaci\u00f3n\/","og_locale":"es_ES","og_type":"article","og_title":"EE.UU. reabre sus fronteras a viajeros - Laboratorio Bioclinic","og_description":"Estados Unidos reabri\u00f3 este lunes sus fronteras terrestres y a\u00e9reas a los visitantes extranjeros vacunados contra la covid-19.","og_url":"https:\/\/www.laboratoriobioclinic.cr\/es\/blog-es\/ee-uu-reabre-sus-fronteras-a-viajeros-con-esquema-completo-de-vacunaci\u00f3n\/","og_site_name":"Laboratorio Bioclinic","article_published_time":"2021-11-08T16:12:42+00:00","article_modified_time":"2021-11-08T17:48:49+00:00","og_image":[{"width":640,"height":410,"url":"https:\/\/www.laboratoriobioclinic.cr\/wp-content\/uploads\/2021\/11\/EE.UU_.-reabre-sus-fronteras-a-viajeros-con-esquema-completo-de-vacunacion.jpg","type":"image\/jpeg"}],"author":"V\u00edctor Hern\u00e1ndez","twitter_card":"summary_large_image","twitter_misc":{"Escrito por":"V\u00edctor Hern\u00e1ndez","Tiempo de lectura":"2 minutos"},"schema":{"@context":"https:\/\/schema.org","@graph":[{"@type":"Article","@id":"https:\/\/www.laboratoriobioclinic.cr\/es\/blog-es\/ee-uu-reabre-sus-fronteras-a-viajeros-con-esquema-completo-de-vacunaci%c3%b3n\/#article","isPartOf":{"@id":"https:\/\/www.laboratoriobioclinic.cr\/es\/blog-es\/ee-uu-reabre-sus-fronteras-a-viajeros-con-esquema-completo-de-vacunaci%c3%b3n\/"},"author":{"name":"V\u00edctor Hern\u00e1ndez","@id":"https:\/\/www.laboratoriobioclinic.cr\/en\/#\/schema\/person\/22388802b822cf3b3ff7019581c95721"},"headline":"EE.UU. reabre sus fronteras a viajeros con esquema completo de vacunaci\u00f3n","datePublished":"2021-11-08T16:12:42+00:00","dateModified":"2021-11-08T17:48:49+00:00","mainEntityOfPage":{"@id":"https:\/\/www.laboratoriobioclinic.cr\/es\/blog-es\/ee-uu-reabre-sus-fronteras-a-viajeros-con-esquema-completo-de-vacunaci%c3%b3n\/"},"wordCount":310,"commentCount":0,"image":{"@id":"https:\/\/www.laboratoriobioclinic.cr\/es\/blog-es\/ee-uu-reabre-sus-fronteras-a-viajeros-con-esquema-completo-de-vacunaci%c3%b3n\/#primaryimage"},"thumbnailUrl":"https:\/\/www.laboratoriobioclinic.cr\/wp-content\/uploads\/2021\/11\/EE.UU_.-reabre-sus-fronteras-a-viajeros-con-esquema-completo-de-vacunacion.jpg","keywords":["costa rica","EE.UU.","FDA","fronteras","OMS","viajar","viajeros","viajes no esenciales"],"articleSection":["Blog ES"],"inLanguage":"es","potentialAction":[{"@type":"CommentAction","name":"Comment","target":["https:\/\/www.laboratoriobioclinic.cr\/es\/blog-es\/ee-uu-reabre-sus-fronteras-a-viajeros-con-esquema-completo-de-vacunaci%c3%b3n\/#respond"]}]},{"@type":"WebPage","@id":"https:\/\/www.laboratoriobioclinic.cr\/es\/blog-es\/ee-uu-reabre-sus-fronteras-a-viajeros-con-esquema-completo-de-vacunaci%c3%b3n\/","url":"https:\/\/www.laboratoriobioclinic.cr\/es\/blog-es\/ee-uu-reabre-sus-fronteras-a-viajeros-con-esquema-completo-de-vacunaci%c3%b3n\/","name":"EE.UU. reabre sus fronteras a viajeros - Laboratorio Bioclinic","isPartOf":{"@id":"https:\/\/www.laboratoriobioclinic.cr\/en\/#website"},"primaryImageOfPage":{"@id":"https:\/\/www.laboratoriobioclinic.cr\/es\/blog-es\/ee-uu-reabre-sus-fronteras-a-viajeros-con-esquema-completo-de-vacunaci%c3%b3n\/#primaryimage"},"image":{"@id":"https:\/\/www.laboratoriobioclinic.cr\/es\/blog-es\/ee-uu-reabre-sus-fronteras-a-viajeros-con-esquema-completo-de-vacunaci%c3%b3n\/#primaryimage"},"thumbnailUrl":"https:\/\/www.laboratoriobioclinic.cr\/wp-content\/uploads\/2021\/11\/EE.UU_.-reabre-sus-fronteras-a-viajeros-con-esquema-completo-de-vacunacion.jpg","datePublished":"2021-11-08T16:12:42+00:00","dateModified":"2021-11-08T17:48:49+00:00","author":{"@id":"https:\/\/www.laboratoriobioclinic.cr\/en\/#\/schema\/person\/22388802b822cf3b3ff7019581c95721"},"description":"Estados Unidos reabri\u00f3 este lunes sus fronteras terrestres y a\u00e9reas a los visitantes extranjeros vacunados contra la covid-19.","inLanguage":"es","potentialAction":[{"@type":"ReadAction","target":["https:\/\/www.laboratoriobioclinic.cr\/es\/blog-es\/ee-uu-reabre-sus-fronteras-a-viajeros-con-esquema-completo-de-vacunaci%c3%b3n\/"]}]},{"@type":"ImageObject","inLanguage":"es","@id":"https:\/\/www.laboratoriobioclinic.cr\/es\/blog-es\/ee-uu-reabre-sus-fronteras-a-viajeros-con-esquema-completo-de-vacunaci%c3%b3n\/#primaryimage","url":"https:\/\/www.laboratoriobioclinic.cr\/wp-content\/uploads\/2021\/11\/EE.UU_.-reabre-sus-fronteras-a-viajeros-con-esquema-completo-de-vacunacion.jpg","contentUrl":"https:\/\/www.laboratoriobioclinic.cr\/wp-content\/uploads\/2021\/11\/EE.UU_.-reabre-sus-fronteras-a-viajeros-con-esquema-completo-de-vacunacion.jpg","width":640,"height":410,"caption":"reapertura fronteras EE.UU."},{"@type":"WebSite","@id":"https:\/\/www.laboratoriobioclinic.cr\/en\/#website","url":"https:\/\/www.laboratoriobioclinic.cr\/en\/","name":"Laboratorio Bioclinic","description":"An\u00e1lisis cl\u00ednicos | Puerto Viejo | Lim\u00f3n","potentialAction":[{"@type":"SearchAction","target":{"@type":"EntryPoint","urlTemplate":"https:\/\/www.laboratoriobioclinic.cr\/en\/?s={search_term_string}"},"query-input":{"@type":"PropertyValueSpecification","valueRequired":true,"valueName":"search_term_string"}}],"inLanguage":"es"},{"@type":"Person","@id":"https:\/\/www.laboratoriobioclinic.cr\/en\/#\/schema\/person\/22388802b822cf3b3ff7019581c95721","name":"V\u00edctor Hern\u00e1ndez","image":{"@type":"ImageObject","inLanguage":"es","@id":"https:\/\/secure.gravatar.com\/avatar\/df86c8d5b329d3be6dc959b83558672fb6ce1002eb345c198ef5458738b7ce88?s=96&d=mm&r=g","url":"https:\/\/secure.gravatar.com\/avatar\/df86c8d5b329d3be6dc959b83558672fb6ce1002eb345c198ef5458738b7ce88?s=96&d=mm&r=g","contentUrl":"https:\/\/secure.gravatar.com\/avatar\/df86c8d5b329d3be6dc959b83558672fb6ce1002eb345c198ef5458738b7ce88?s=96&d=mm&r=g","caption":"V\u00edctor Hern\u00e1ndez"},"url":"https:\/\/www.laboratoriobioclinic.cr\/es\/author\/victor\/"}]}},"_links":{"self":[{"href":"https:\/\/www.laboratoriobioclinic.cr\/es\/wp-json\/wp\/v2\/posts\/362","targetHints":{"allow":["GET"]}}],"collection":[{"href":"https:\/\/www.laboratoriobioclinic.cr\/es\/wp-json\/wp\/v2\/posts"}],"about":[{"href":"https:\/\/www.laboratoriobioclinic.cr\/es\/wp-json\/wp\/v2\/types\/post"}],"author":[{"embeddable":true,"href":"https:\/\/www.laboratoriobioclinic.cr\/es\/wp-json\/wp\/v2\/users\/2"}],"replies":[{"embeddable":true,"href":"https:\/\/www.laboratoriobioclinic.cr\/es\/wp-json\/wp\/v2\/comments?post=362"}],"version-history":[{"count":3,"href":"https:\/\/www.laboratoriobioclinic.cr\/es\/wp-json\/wp\/v2\/posts\/362\/revisions"}],"predecessor-version":[{"id":382,"href":"https:\/\/www.laboratoriobioclinic.cr\/es\/wp-json\/wp\/v2\/posts\/362\/revisions\/382"}],"wp:featuredmedia":[{"embeddable":true,"href":"https:\/\/www.laboratoriobioclinic.cr\/es\/wp-json\/wp\/v2\/media\/363"}],"wp:attachment":[{"href":"https:\/\/www.laboratoriobioclinic.cr\/es\/wp-json\/wp\/v2\/media?parent=362"}],"wp:term":[{"taxonomy":"category","embeddable":true,"href":"https:\/\/www.laboratoriobioclinic.cr\/es\/wp-json\/wp\/v2\/categories?post=362"},{"taxonomy":"post_tag","embeddable":true,"href":"https:\/\/www.laboratoriobioclinic.cr\/es\/wp-json\/wp\/v2\/tags?post=362"}],"curies":[{"name":"wp","href":"https:\/\/api.w.org\/{rel}","templated":true}]}}