{"id":348,"date":"2021-10-05T20:48:33","date_gmt":"2021-10-05T20:48:33","guid":{"rendered":"https:\/\/laboratoriobioclinic.cr\/?p=348"},"modified":"2021-10-05T20:49:42","modified_gmt":"2021-10-05T20:49:42","slug":"prevenci%c3%93n-factores-de-riesgo-y-prevenci%c3%93n-del-c%c3%81ncer-de-mama","status":"publish","type":"post","link":"https:\/\/www.laboratoriobioclinic.cr\/es\/blog-es\/prevenci%c3%93n-factores-de-riesgo-y-prevenci%c3%93n-del-c%c3%81ncer-de-mama\/","title":{"rendered":"Prevenci\u00f3n: Factores de riesgo y prevenci\u00f3n del c\u00e1ncer de mama"},"content":{"rendered":"<h4 class=\"p1\">Prevenci\u00f3n: Factores de riesgo y prevenci\u00f3n del c\u00e1ncer de mama<\/h4>\n<p class=\"p1\">El objetivo de la prevenci\u00f3n primaria del c\u00e1ncer de mama es evitar que las mujeres desarrolla la enfermedad, y el objetivo de la prevenci\u00f3n secundaria es evitar la recurrencia. La prevenci\u00f3n primaria ofrece el mayor potencial de salud p\u00fablica y el programa de control del c\u00e1ncer a largo plazo m\u00e1s eficaz en funci\u00f3n de los costos.<span class=\"Apple-converted-space\">\u00a0<\/span><\/p>\n<p class=\"p1\">La prevenci\u00f3n del c\u00e1ncer de mama debe integrarse a los programas integrales de control del c\u00e1ncer de mama y complementar las campa\u00f1as de concientizaci\u00f3n y detecci\u00f3n temprana. Los expertos indican que si se alcanzara el beneficio m\u00e1ximo con los programas de prevenci\u00f3n, podr\u00edan evitarse hasta el 50% de los casos de c\u00e1ncer de mama.<\/p>\n<p class=\"p1\">La evaluaci\u00f3n del riesgo es un componente fundamental de los programas de prevenci\u00f3n rentables, ya que permite identificar a las pacientes de mayor riesgo para que participen en actividades de prevenci\u00f3n espec\u00edficas. Por consiguiente, los profesionales de la salud deben tener una buena formaci\u00f3n en las opciones de prevenci\u00f3n del c\u00e1ncer de mama que mejoran la salud general de las pacientes y en las intervenciones m\u00e1s espec\u00edficas dirigidas a las mujeres de alto riesgo, como las intervenciones quir\u00fargicas para extirpar las mamas o los ovarios, que pueden tener riesgos inadmisibles y efectos colaterales para muchas mujeres, pese a su efecto protector contra el c\u00e1ncer de mama.<span class=\"Apple-converted-space\">\u00a0<\/span><\/p>\n<p class=\"p1\">El c\u00e1ncer de mama probablemente es causado por una combinaci\u00f3n de factores hormonales (fisiol\u00f3gicos y terap\u00e9uticos), factores gen\u00e9ticos, otros factores fisiol\u00f3gicos no hormonales (por ejemplo, la edad) y factores ambientales y de modo de vida. Las evaluaciones del riesgo basadas en la poblaci\u00f3n pueden ayudar a fundamentar los programas de prevenci\u00f3n en general, mientras que las evaluaciones del riesgo individual pueden servir como fundamento para la atenci\u00f3n del c\u00e1ncer de mama centrada en el paciente. Aproximadamente el 50% de los casos de c\u00e1ncer de mama reci\u00e9n diagnosticados se relacionan con factores hormonales; solo un 5% a 10% de se relacionan con factores gen\u00e9ticos, aunque se sabe que estos aumentan considerablemente el riesgo de padecer la enfermedad. Las investigaciones han permitido determinar los factores fisiol\u00f3gicos, ambientales y de modo de vida relacionados con la incidencia del c\u00e1ncer de mama, algunos de los cuales son modificables mediante intervenciones preventivas (v\u00e9ase el cuadro 3). Actualmente se siguen identificando otros factores de riesgo y se ha demostrado que algunos factores que anteriormente hab\u00edan sido se\u00f1alados como de riesgo no lo son, o bien, su asociaci\u00f3n con el riesgo de padecer c\u00e1ncer de mama no es concluyente.<\/p>\n<p><a href=\"https:\/\/laboratoriobioclinic.cr\/wp-content\/uploads\/2021\/10\/prevencion-factores-riesgo-cancer-de-mama-laboratorio-bioclinic-puerto-viejo.pdf\">prevencion-factores-riesgo-cancer-de-mama-laboratorio-bioclinic-puerto-viejo<\/a><\/p>\n","protected":false},"excerpt":{"rendered":"<p>Prevenci\u00f3n: Factores de riesgo y prevenci\u00f3n del c\u00e1ncer de mama El objetivo de la prevenci\u00f3n primaria del c\u00e1ncer de mama es evitar que las mujeres desarrolla la enfermedad, y el objetivo de la prevenci\u00f3n secundaria es evitar la recurrencia. La prevenci\u00f3n primaria ofrece el mayor potencial de salud p\u00fablica y el programa de control del [&hellip;]<\/p>\n","protected":false},"author":2,"featured_media":350,"comment_status":"open","ping_status":"open","sticky":false,"template":"","format":"standard","meta":{"footnotes":""},"categories":[15],"tags":[40,39,41,54],"class_list":["post-348","post","type-post","status-publish","format-standard","has-post-thumbnail","hentry","category-blog-es","tag-cncer","tag-cncer-de-mama","tag-mama","tag-prevencin"],"yoast_head":"<!-- This site is optimized with the Yoast SEO plugin v27.5 - https:\/\/yoast.com\/product\/yoast-seo-wordpress\/ -->\n<title>FACTORES DE RIESGO Y PREVENCI\u00d3N DEL C\u00c1NCER DE MAMA\u00a0 - Laboratorio Bioclinic<\/title>\n<meta name=\"description\" content=\"El objetivo de la prevenci\u00f3n es evitar que las mujeres desarrollen la enfermedad, y tambi\u00e9n evitar la recurrencia.\" \/>\n<meta name=\"robots\" content=\"index, follow, max-snippet:-1, max-image-preview:large, max-video-preview:-1\" \/>\n<link rel=\"canonical\" href=\"https:\/\/www.laboratoriobioclinic.cr\/en\/blog-es\/prevenci\u00d3n-factores-de-riesgo-y-prevenci\u00d3n-del-c\u00c1ncer-de-mama\/\" \/>\n<meta property=\"og:locale\" content=\"es_ES\" \/>\n<meta property=\"og:type\" content=\"article\" \/>\n<meta property=\"og:title\" content=\"FACTORES DE RIESGO Y PREVENCI\u00d3N DEL C\u00c1NCER DE MAMA\u00a0 - Laboratorio Bioclinic\" \/>\n<meta property=\"og:description\" content=\"El objetivo de la prevenci\u00f3n es evitar que las mujeres desarrollen la enfermedad, y tambi\u00e9n evitar la recurrencia.\" \/>\n<meta property=\"og:url\" content=\"https:\/\/www.laboratoriobioclinic.cr\/en\/blog-es\/prevenci\u00d3n-factores-de-riesgo-y-prevenci\u00d3n-del-c\u00c1ncer-de-mama\/\" \/>\n<meta property=\"og:site_name\" content=\"Laboratorio Bioclinic\" \/>\n<meta property=\"article:published_time\" content=\"2021-10-05T20:48:33+00:00\" \/>\n<meta property=\"article:modified_time\" content=\"2021-10-05T20:49:42+00:00\" \/>\n<meta property=\"og:image\" content=\"https:\/\/www.laboratoriobioclinic.cr\/wp-content\/uploads\/2021\/10\/PREVENCIO\u0301N-FACTORES-DE-RIESGO-Y-PREVENCIO\u0301N-DEL-CA\u0301NCER-DE-MAMA.jpg\" \/>\n\t<meta property=\"og:image:width\" content=\"1024\" \/>\n\t<meta property=\"og:image:height\" content=\"558\" \/>\n\t<meta property=\"og:image:type\" content=\"image\/jpeg\" \/>\n<meta name=\"author\" content=\"V\u00edctor Hern\u00e1ndez\" \/>\n<meta name=\"twitter:card\" content=\"summary_large_image\" \/>\n<meta name=\"twitter:label1\" content=\"Escrito por\" \/>\n\t<meta name=\"twitter:data1\" content=\"V\u00edctor Hern\u00e1ndez\" \/>\n\t<meta name=\"twitter:label2\" content=\"Tiempo de lectura\" \/>\n\t<meta name=\"twitter:data2\" content=\"2 minutos\" \/>\n<script type=\"application\/ld+json\" class=\"yoast-schema-graph\">{\"@context\":\"https:\\\/\\\/schema.org\",\"@graph\":[{\"@type\":\"Article\",\"@id\":\"https:\\\/\\\/www.laboratoriobioclinic.cr\\\/en\\\/blog-es\\\/prevenci%c3%93n-factores-de-riesgo-y-prevenci%c3%93n-del-c%c3%81ncer-de-mama\\\/#article\",\"isPartOf\":{\"@id\":\"https:\\\/\\\/www.laboratoriobioclinic.cr\\\/en\\\/blog-es\\\/prevenci%c3%93n-factores-de-riesgo-y-prevenci%c3%93n-del-c%c3%81ncer-de-mama\\\/\"},\"author\":{\"name\":\"V\u00edctor Hern\u00e1ndez\",\"@id\":\"https:\\\/\\\/laboratoriobioclinic.cr\\\/es\\\/#\\\/schema\\\/person\\\/22388802b822cf3b3ff7019581c95721\"},\"headline\":\"Prevenci\u00f3n: Factores de riesgo y prevenci\u00f3n del c\u00e1ncer de mama\",\"datePublished\":\"2021-10-05T20:48:33+00:00\",\"dateModified\":\"2021-10-05T20:49:42+00:00\",\"mainEntityOfPage\":{\"@id\":\"https:\\\/\\\/www.laboratoriobioclinic.cr\\\/en\\\/blog-es\\\/prevenci%c3%93n-factores-de-riesgo-y-prevenci%c3%93n-del-c%c3%81ncer-de-mama\\\/\"},\"wordCount\":479,\"commentCount\":0,\"image\":{\"@id\":\"https:\\\/\\\/www.laboratoriobioclinic.cr\\\/en\\\/blog-es\\\/prevenci%c3%93n-factores-de-riesgo-y-prevenci%c3%93n-del-c%c3%81ncer-de-mama\\\/#primaryimage\"},\"thumbnailUrl\":\"https:\\\/\\\/www.laboratoriobioclinic.cr\\\/wp-content\\\/uploads\\\/2021\\\/10\\\/PREVENCIO\u0301N-FACTORES-DE-RIESGO-Y-PREVENCIO\u0301N-DEL-CA\u0301NCER-DE-MAMA.jpg\",\"keywords\":[\"c\u00e1ncer\",\"c\u00e1ncer de mama\",\"mama\",\"prevenci\u00f3n\"],\"articleSection\":[\"Blog ES\"],\"inLanguage\":\"es\",\"potentialAction\":[{\"@type\":\"CommentAction\",\"name\":\"Comment\",\"target\":[\"https:\\\/\\\/www.laboratoriobioclinic.cr\\\/en\\\/blog-es\\\/prevenci%c3%93n-factores-de-riesgo-y-prevenci%c3%93n-del-c%c3%81ncer-de-mama\\\/#respond\"]}]},{\"@type\":\"WebPage\",\"@id\":\"https:\\\/\\\/www.laboratoriobioclinic.cr\\\/en\\\/blog-es\\\/prevenci%c3%93n-factores-de-riesgo-y-prevenci%c3%93n-del-c%c3%81ncer-de-mama\\\/\",\"url\":\"https:\\\/\\\/www.laboratoriobioclinic.cr\\\/en\\\/blog-es\\\/prevenci%c3%93n-factores-de-riesgo-y-prevenci%c3%93n-del-c%c3%81ncer-de-mama\\\/\",\"name\":\"FACTORES DE RIESGO Y PREVENCI\u00d3N DEL C\u00c1NCER DE MAMA\u00a0 - Laboratorio Bioclinic\",\"isPartOf\":{\"@id\":\"https:\\\/\\\/laboratoriobioclinic.cr\\\/es\\\/#website\"},\"primaryImageOfPage\":{\"@id\":\"https:\\\/\\\/www.laboratoriobioclinic.cr\\\/en\\\/blog-es\\\/prevenci%c3%93n-factores-de-riesgo-y-prevenci%c3%93n-del-c%c3%81ncer-de-mama\\\/#primaryimage\"},\"image\":{\"@id\":\"https:\\\/\\\/www.laboratoriobioclinic.cr\\\/en\\\/blog-es\\\/prevenci%c3%93n-factores-de-riesgo-y-prevenci%c3%93n-del-c%c3%81ncer-de-mama\\\/#primaryimage\"},\"thumbnailUrl\":\"https:\\\/\\\/www.laboratoriobioclinic.cr\\\/wp-content\\\/uploads\\\/2021\\\/10\\\/PREVENCIO\u0301N-FACTORES-DE-RIESGO-Y-PREVENCIO\u0301N-DEL-CA\u0301NCER-DE-MAMA.jpg\",\"datePublished\":\"2021-10-05T20:48:33+00:00\",\"dateModified\":\"2021-10-05T20:49:42+00:00\",\"author\":{\"@id\":\"https:\\\/\\\/laboratoriobioclinic.cr\\\/es\\\/#\\\/schema\\\/person\\\/22388802b822cf3b3ff7019581c95721\"},\"description\":\"El objetivo de la prevenci\u00f3n es evitar que las mujeres desarrollen la enfermedad, y tambi\u00e9n evitar la recurrencia.\",\"inLanguage\":\"es\",\"potentialAction\":[{\"@type\":\"ReadAction\",\"target\":[\"https:\\\/\\\/www.laboratoriobioclinic.cr\\\/en\\\/blog-es\\\/prevenci%c3%93n-factores-de-riesgo-y-prevenci%c3%93n-del-c%c3%81ncer-de-mama\\\/\"]}]},{\"@type\":\"ImageObject\",\"inLanguage\":\"es\",\"@id\":\"https:\\\/\\\/www.laboratoriobioclinic.cr\\\/en\\\/blog-es\\\/prevenci%c3%93n-factores-de-riesgo-y-prevenci%c3%93n-del-c%c3%81ncer-de-mama\\\/#primaryimage\",\"url\":\"https:\\\/\\\/www.laboratoriobioclinic.cr\\\/wp-content\\\/uploads\\\/2021\\\/10\\\/PREVENCIO\u0301N-FACTORES-DE-RIESGO-Y-PREVENCIO\u0301N-DEL-CA\u0301NCER-DE-MAMA.jpg\",\"contentUrl\":\"https:\\\/\\\/www.laboratoriobioclinic.cr\\\/wp-content\\\/uploads\\\/2021\\\/10\\\/PREVENCIO\u0301N-FACTORES-DE-RIESGO-Y-PREVENCIO\u0301N-DEL-CA\u0301NCER-DE-MAMA.jpg\",\"width\":1024,\"height\":558},{\"@type\":\"WebSite\",\"@id\":\"https:\\\/\\\/laboratoriobioclinic.cr\\\/es\\\/#website\",\"url\":\"https:\\\/\\\/laboratoriobioclinic.cr\\\/es\\\/\",\"name\":\"Laboratorio Bioclinic\",\"description\":\"An\u00e1lisis cl\u00ednicos | Puerto Viejo | Lim\u00f3n\",\"potentialAction\":[{\"@type\":\"SearchAction\",\"target\":{\"@type\":\"EntryPoint\",\"urlTemplate\":\"https:\\\/\\\/laboratoriobioclinic.cr\\\/es\\\/?s={search_term_string}\"},\"query-input\":{\"@type\":\"PropertyValueSpecification\",\"valueRequired\":true,\"valueName\":\"search_term_string\"}}],\"inLanguage\":\"es\"},{\"@type\":\"Person\",\"@id\":\"https:\\\/\\\/laboratoriobioclinic.cr\\\/es\\\/#\\\/schema\\\/person\\\/22388802b822cf3b3ff7019581c95721\",\"name\":\"V\u00edctor Hern\u00e1ndez\",\"image\":{\"@type\":\"ImageObject\",\"inLanguage\":\"es\",\"@id\":\"https:\\\/\\\/secure.gravatar.com\\\/avatar\\\/df86c8d5b329d3be6dc959b83558672fb6ce1002eb345c198ef5458738b7ce88?s=96&d=mm&r=g\",\"url\":\"https:\\\/\\\/secure.gravatar.com\\\/avatar\\\/df86c8d5b329d3be6dc959b83558672fb6ce1002eb345c198ef5458738b7ce88?s=96&d=mm&r=g\",\"contentUrl\":\"https:\\\/\\\/secure.gravatar.com\\\/avatar\\\/df86c8d5b329d3be6dc959b83558672fb6ce1002eb345c198ef5458738b7ce88?s=96&d=mm&r=g\",\"caption\":\"V\u00edctor Hern\u00e1ndez\"},\"url\":\"https:\\\/\\\/www.laboratoriobioclinic.cr\\\/es\\\/author\\\/victor\\\/\"}]}<\/script>\n<!-- \/ Yoast SEO plugin. -->","yoast_head_json":{"title":"FACTORES DE RIESGO Y PREVENCI\u00d3N DEL C\u00c1NCER DE MAMA\u00a0 - Laboratorio Bioclinic","description":"El objetivo de la prevenci\u00f3n es evitar que las mujeres desarrollen la enfermedad, y tambi\u00e9n evitar la recurrencia.","robots":{"index":"index","follow":"follow","max-snippet":"max-snippet:-1","max-image-preview":"max-image-preview:large","max-video-preview":"max-video-preview:-1"},"canonical":"https:\/\/www.laboratoriobioclinic.cr\/en\/blog-es\/prevenci\u00d3n-factores-de-riesgo-y-prevenci\u00d3n-del-c\u00c1ncer-de-mama\/","og_locale":"es_ES","og_type":"article","og_title":"FACTORES DE RIESGO Y PREVENCI\u00d3N DEL C\u00c1NCER DE MAMA\u00a0 - Laboratorio Bioclinic","og_description":"El objetivo de la prevenci\u00f3n es evitar que las mujeres desarrollen la enfermedad, y tambi\u00e9n evitar la recurrencia.","og_url":"https:\/\/www.laboratoriobioclinic.cr\/en\/blog-es\/prevenci\u00d3n-factores-de-riesgo-y-prevenci\u00d3n-del-c\u00c1ncer-de-mama\/","og_site_name":"Laboratorio Bioclinic","article_published_time":"2021-10-05T20:48:33+00:00","article_modified_time":"2021-10-05T20:49:42+00:00","og_image":[{"width":1024,"height":558,"url":"https:\/\/www.laboratoriobioclinic.cr\/wp-content\/uploads\/2021\/10\/PREVENCIO\u0301N-FACTORES-DE-RIESGO-Y-PREVENCIO\u0301N-DEL-CA\u0301NCER-DE-MAMA.jpg","type":"image\/jpeg"}],"author":"V\u00edctor Hern\u00e1ndez","twitter_card":"summary_large_image","twitter_misc":{"Escrito por":"V\u00edctor Hern\u00e1ndez","Tiempo de lectura":"2 minutos"},"schema":{"@context":"https:\/\/schema.org","@graph":[{"@type":"Article","@id":"https:\/\/www.laboratoriobioclinic.cr\/en\/blog-es\/prevenci%c3%93n-factores-de-riesgo-y-prevenci%c3%93n-del-c%c3%81ncer-de-mama\/#article","isPartOf":{"@id":"https:\/\/www.laboratoriobioclinic.cr\/en\/blog-es\/prevenci%c3%93n-factores-de-riesgo-y-prevenci%c3%93n-del-c%c3%81ncer-de-mama\/"},"author":{"name":"V\u00edctor Hern\u00e1ndez","@id":"https:\/\/laboratoriobioclinic.cr\/es\/#\/schema\/person\/22388802b822cf3b3ff7019581c95721"},"headline":"Prevenci\u00f3n: Factores de riesgo y prevenci\u00f3n del c\u00e1ncer de mama","datePublished":"2021-10-05T20:48:33+00:00","dateModified":"2021-10-05T20:49:42+00:00","mainEntityOfPage":{"@id":"https:\/\/www.laboratoriobioclinic.cr\/en\/blog-es\/prevenci%c3%93n-factores-de-riesgo-y-prevenci%c3%93n-del-c%c3%81ncer-de-mama\/"},"wordCount":479,"commentCount":0,"image":{"@id":"https:\/\/www.laboratoriobioclinic.cr\/en\/blog-es\/prevenci%c3%93n-factores-de-riesgo-y-prevenci%c3%93n-del-c%c3%81ncer-de-mama\/#primaryimage"},"thumbnailUrl":"https:\/\/www.laboratoriobioclinic.cr\/wp-content\/uploads\/2021\/10\/PREVENCIO\u0301N-FACTORES-DE-RIESGO-Y-PREVENCIO\u0301N-DEL-CA\u0301NCER-DE-MAMA.jpg","keywords":["c\u00e1ncer","c\u00e1ncer de mama","mama","prevenci\u00f3n"],"articleSection":["Blog ES"],"inLanguage":"es","potentialAction":[{"@type":"CommentAction","name":"Comment","target":["https:\/\/www.laboratoriobioclinic.cr\/en\/blog-es\/prevenci%c3%93n-factores-de-riesgo-y-prevenci%c3%93n-del-c%c3%81ncer-de-mama\/#respond"]}]},{"@type":"WebPage","@id":"https:\/\/www.laboratoriobioclinic.cr\/en\/blog-es\/prevenci%c3%93n-factores-de-riesgo-y-prevenci%c3%93n-del-c%c3%81ncer-de-mama\/","url":"https:\/\/www.laboratoriobioclinic.cr\/en\/blog-es\/prevenci%c3%93n-factores-de-riesgo-y-prevenci%c3%93n-del-c%c3%81ncer-de-mama\/","name":"FACTORES DE RIESGO Y PREVENCI\u00d3N DEL C\u00c1NCER DE MAMA\u00a0 - Laboratorio Bioclinic","isPartOf":{"@id":"https:\/\/laboratoriobioclinic.cr\/es\/#website"},"primaryImageOfPage":{"@id":"https:\/\/www.laboratoriobioclinic.cr\/en\/blog-es\/prevenci%c3%93n-factores-de-riesgo-y-prevenci%c3%93n-del-c%c3%81ncer-de-mama\/#primaryimage"},"image":{"@id":"https:\/\/www.laboratoriobioclinic.cr\/en\/blog-es\/prevenci%c3%93n-factores-de-riesgo-y-prevenci%c3%93n-del-c%c3%81ncer-de-mama\/#primaryimage"},"thumbnailUrl":"https:\/\/www.laboratoriobioclinic.cr\/wp-content\/uploads\/2021\/10\/PREVENCIO\u0301N-FACTORES-DE-RIESGO-Y-PREVENCIO\u0301N-DEL-CA\u0301NCER-DE-MAMA.jpg","datePublished":"2021-10-05T20:48:33+00:00","dateModified":"2021-10-05T20:49:42+00:00","author":{"@id":"https:\/\/laboratoriobioclinic.cr\/es\/#\/schema\/person\/22388802b822cf3b3ff7019581c95721"},"description":"El objetivo de la prevenci\u00f3n es evitar que las mujeres desarrollen la enfermedad, y tambi\u00e9n evitar la recurrencia.","inLanguage":"es","potentialAction":[{"@type":"ReadAction","target":["https:\/\/www.laboratoriobioclinic.cr\/en\/blog-es\/prevenci%c3%93n-factores-de-riesgo-y-prevenci%c3%93n-del-c%c3%81ncer-de-mama\/"]}]},{"@type":"ImageObject","inLanguage":"es","@id":"https:\/\/www.laboratoriobioclinic.cr\/en\/blog-es\/prevenci%c3%93n-factores-de-riesgo-y-prevenci%c3%93n-del-c%c3%81ncer-de-mama\/#primaryimage","url":"https:\/\/www.laboratoriobioclinic.cr\/wp-content\/uploads\/2021\/10\/PREVENCIO\u0301N-FACTORES-DE-RIESGO-Y-PREVENCIO\u0301N-DEL-CA\u0301NCER-DE-MAMA.jpg","contentUrl":"https:\/\/www.laboratoriobioclinic.cr\/wp-content\/uploads\/2021\/10\/PREVENCIO\u0301N-FACTORES-DE-RIESGO-Y-PREVENCIO\u0301N-DEL-CA\u0301NCER-DE-MAMA.jpg","width":1024,"height":558},{"@type":"WebSite","@id":"https:\/\/laboratoriobioclinic.cr\/es\/#website","url":"https:\/\/laboratoriobioclinic.cr\/es\/","name":"Laboratorio Bioclinic","description":"An\u00e1lisis cl\u00ednicos | Puerto Viejo | Lim\u00f3n","potentialAction":[{"@type":"SearchAction","target":{"@type":"EntryPoint","urlTemplate":"https:\/\/laboratoriobioclinic.cr\/es\/?s={search_term_string}"},"query-input":{"@type":"PropertyValueSpecification","valueRequired":true,"valueName":"search_term_string"}}],"inLanguage":"es"},{"@type":"Person","@id":"https:\/\/laboratoriobioclinic.cr\/es\/#\/schema\/person\/22388802b822cf3b3ff7019581c95721","name":"V\u00edctor Hern\u00e1ndez","image":{"@type":"ImageObject","inLanguage":"es","@id":"https:\/\/secure.gravatar.com\/avatar\/df86c8d5b329d3be6dc959b83558672fb6ce1002eb345c198ef5458738b7ce88?s=96&d=mm&r=g","url":"https:\/\/secure.gravatar.com\/avatar\/df86c8d5b329d3be6dc959b83558672fb6ce1002eb345c198ef5458738b7ce88?s=96&d=mm&r=g","contentUrl":"https:\/\/secure.gravatar.com\/avatar\/df86c8d5b329d3be6dc959b83558672fb6ce1002eb345c198ef5458738b7ce88?s=96&d=mm&r=g","caption":"V\u00edctor Hern\u00e1ndez"},"url":"https:\/\/www.laboratoriobioclinic.cr\/es\/author\/victor\/"}]}},"_links":{"self":[{"href":"https:\/\/www.laboratoriobioclinic.cr\/es\/wp-json\/wp\/v2\/posts\/348","targetHints":{"allow":["GET"]}}],"collection":[{"href":"https:\/\/www.laboratoriobioclinic.cr\/es\/wp-json\/wp\/v2\/posts"}],"about":[{"href":"https:\/\/www.laboratoriobioclinic.cr\/es\/wp-json\/wp\/v2\/types\/post"}],"author":[{"embeddable":true,"href":"https:\/\/www.laboratoriobioclinic.cr\/es\/wp-json\/wp\/v2\/users\/2"}],"replies":[{"embeddable":true,"href":"https:\/\/www.laboratoriobioclinic.cr\/es\/wp-json\/wp\/v2\/comments?post=348"}],"version-history":[{"count":2,"href":"https:\/\/www.laboratoriobioclinic.cr\/es\/wp-json\/wp\/v2\/posts\/348\/revisions"}],"predecessor-version":[{"id":352,"href":"https:\/\/www.laboratoriobioclinic.cr\/es\/wp-json\/wp\/v2\/posts\/348\/revisions\/352"}],"wp:featuredmedia":[{"embeddable":true,"href":"https:\/\/www.laboratoriobioclinic.cr\/es\/wp-json\/wp\/v2\/media\/350"}],"wp:attachment":[{"href":"https:\/\/www.laboratoriobioclinic.cr\/es\/wp-json\/wp\/v2\/media?parent=348"}],"wp:term":[{"taxonomy":"category","embeddable":true,"href":"https:\/\/www.laboratoriobioclinic.cr\/es\/wp-json\/wp\/v2\/categories?post=348"},{"taxonomy":"post_tag","embeddable":true,"href":"https:\/\/www.laboratoriobioclinic.cr\/es\/wp-json\/wp\/v2\/tags?post=348"}],"curies":[{"name":"wp","href":"https:\/\/api.w.org\/{rel}","templated":true}]}}