{"id":286,"date":"2021-08-26T19:22:25","date_gmt":"2021-08-26T19:22:25","guid":{"rendered":"https:\/\/laboratoriobioclinic.cr\/?p=286"},"modified":"2022-04-19T14:03:02","modified_gmt":"2022-04-19T20:03:02","slug":"about-us","status":"publish","type":"post","link":"https:\/\/www.laboratoriobioclinic.cr\/es\/company\/about-us\/","title":{"rendered":"About us"},"content":{"rendered":"<h2><strong>Who we are<\/strong><\/h2>\n<p>Who we are? In 2012, Dr. Grace Prado Hidalgo and Dr. M\u00f3nica Soto Morera, founded the Bioclinic Laboratory. Managing a different system of attention to the public, since being part of the first private clinical laboratories, a dynamic of continuous modernization was introduced in the laboratory.<\/p>\n<p><img loading=\"lazy\" decoding=\"async\" class=\"alignnone size-medium wp-image-256\" src=\"https:\/\/laboratoriobioclinic.cr\/wp-content\/uploads\/2021\/05\/WhatsApp-Image-2021-08-25-at-14.25.37-225x300.jpeg\" alt=\"Doctora Grace Prado\" width=\"225\" height=\"300\" srcset=\"https:\/\/www.laboratoriobioclinic.cr\/wp-content\/uploads\/2021\/05\/WhatsApp-Image-2021-08-25-at-14.25.37-225x300.jpeg 225w, https:\/\/www.laboratoriobioclinic.cr\/wp-content\/uploads\/2021\/05\/WhatsApp-Image-2021-08-25-at-14.25.37.jpeg 768w\" sizes=\"auto, (max-width: 225px) 100vw, 225px\" \/> <img loading=\"lazy\" decoding=\"async\" class=\"alignnone size-medium wp-image-258\" src=\"https:\/\/laboratoriobioclinic.cr\/wp-content\/uploads\/2021\/05\/WhatsApp-Image-2021-08-25-at-14.26.45-225x300.jpeg\" alt=\"Doctora M\u00f3nica Soto\" width=\"225\" height=\"300\" srcset=\"https:\/\/www.laboratoriobioclinic.cr\/wp-content\/uploads\/2021\/05\/WhatsApp-Image-2021-08-25-at-14.26.45-225x300.jpeg 225w, https:\/\/www.laboratoriobioclinic.cr\/wp-content\/uploads\/2021\/05\/WhatsApp-Image-2021-08-25-at-14.26.45.jpeg 768w\" sizes=\"auto, (max-width: 225px) 100vw, 225px\" \/><br \/>\nOffering the best service using the best technology and appropriate methods. Always looking to improve or change our processes to improve.<\/p>\n<p>We are responsible making decisions, consciously, in business management. And in matters related to the company&#8217;s collaborators, its clients and the environment in general, always respecting the rules and laws.<\/p>\n<p>Our business policy is \u00abQUALITY and SERVICE\u00bb. On these two great premises and its professionals, it has consolidated its leadership in Lim\u00f3n and Puerto Viejo, Talamaca in a short space of time. The commitment to technological innovation and continuous training has proven to be the key to the success of our services to Patients and Collaborators.<\/p>\n<p>We are a young, strong, dynamic, very experienced, consolidated and ambitious organization.<\/p>\n<p>We act ethically in all our commercial and financial activities, showing respect towards our collaborators and our clients.<\/p>\n<p>We are continuously growing, constantly encompassing new fields in the field of clinical and industrial analysis. We always look for new challenges and for this we have, among other approaches, the most current technology and professionals, demanding with the quality of their work, with the best disposition to take on all the new challenges and projects that we encounter.<\/p>\n","protected":false},"excerpt":{"rendered":"<p>Who we are Who we are? In 2012, Dr. Grace Prado Hidalgo and Dr. M\u00f3nica Soto Morera, founded the Bioclinic Laboratory. Managing a different system of attention to the public, since being part of the first private clinical laboratories, a dynamic of continuous modernization was introduced in the laboratory. Offering the best service using the [&hellip;]<\/p>\n","protected":false},"author":2,"featured_media":0,"comment_status":"open","ping_status":"open","sticky":false,"template":"","format":"standard","meta":{"footnotes":""},"categories":[19],"tags":[170,169,42,45,168],"class_list":["post-286","post","type-post","status-publish","format-standard","hentry","category-company","tag-bioclinic-laboratory","tag-laboratory","tag-limn","tag-puerto-viejo","tag-talamanca"],"yoast_head":"<!-- This site is optimized with the Yoast SEO plugin v27.5 - https:\/\/yoast.com\/product\/yoast-seo-wordpress\/ -->\n<title>About Us - Laboratorio Bioclinic<\/title>\n<meta name=\"description\" content=\"Dr. Prado and Dr. Soto, founded the Bioclinic Laboratory. Managing a different system of attention to the public.\" \/>\n<meta name=\"robots\" content=\"index, follow, max-snippet:-1, max-image-preview:large, max-video-preview:-1\" \/>\n<link rel=\"canonical\" href=\"https:\/\/laboratoriobioclinic.cr\/en\/company\/about-us\/\" \/>\n<meta property=\"og:locale\" content=\"es_ES\" \/>\n<meta property=\"og:type\" content=\"article\" \/>\n<meta property=\"og:title\" content=\"About Us - Laboratorio Bioclinic\" \/>\n<meta property=\"og:description\" content=\"Dr. Prado and Dr. Soto, founded the Bioclinic Laboratory. Managing a different system of attention to the public.\" \/>\n<meta property=\"og:url\" content=\"https:\/\/laboratoriobioclinic.cr\/en\/company\/about-us\/\" \/>\n<meta property=\"og:site_name\" content=\"Laboratorio Bioclinic\" \/>\n<meta property=\"article:published_time\" content=\"2021-08-26T19:22:25+00:00\" \/>\n<meta property=\"article:modified_time\" content=\"2022-04-19T20:03:02+00:00\" \/>\n<meta property=\"og:image\" content=\"https:\/\/laboratoriobioclinic.cr\/wp-content\/uploads\/2021\/05\/WhatsApp-Image-2021-08-25-at-14.25.37-225x300.jpeg\" \/>\n<meta name=\"author\" content=\"V\u00edctor Hern\u00e1ndez\" \/>\n<meta name=\"twitter:card\" content=\"summary_large_image\" \/>\n<meta name=\"twitter:label1\" content=\"Escrito por\" \/>\n\t<meta name=\"twitter:data1\" content=\"V\u00edctor Hern\u00e1ndez\" \/>\n\t<meta name=\"twitter:label2\" content=\"Tiempo de lectura\" \/>\n\t<meta name=\"twitter:data2\" content=\"2 minutos\" \/>\n<script type=\"application\/ld+json\" class=\"yoast-schema-graph\">{\"@context\":\"https:\\\/\\\/schema.org\",\"@graph\":[{\"@type\":\"Article\",\"@id\":\"https:\\\/\\\/laboratoriobioclinic.cr\\\/en\\\/company\\\/about-us\\\/#article\",\"isPartOf\":{\"@id\":\"https:\\\/\\\/laboratoriobioclinic.cr\\\/en\\\/company\\\/about-us\\\/\"},\"author\":{\"name\":\"V\u00edctor Hern\u00e1ndez\",\"@id\":\"https:\\\/\\\/laboratoriobioclinic.cr\\\/es\\\/#\\\/schema\\\/person\\\/22388802b822cf3b3ff7019581c95721\"},\"headline\":\"About us\",\"datePublished\":\"2021-08-26T19:22:25+00:00\",\"dateModified\":\"2022-04-19T20:03:02+00:00\",\"mainEntityOfPage\":{\"@id\":\"https:\\\/\\\/laboratoriobioclinic.cr\\\/en\\\/company\\\/about-us\\\/\"},\"wordCount\":249,\"commentCount\":0,\"image\":{\"@id\":\"https:\\\/\\\/laboratoriobioclinic.cr\\\/en\\\/company\\\/about-us\\\/#primaryimage\"},\"thumbnailUrl\":\"https:\\\/\\\/laboratoriobioclinic.cr\\\/wp-content\\\/uploads\\\/2021\\\/05\\\/WhatsApp-Image-2021-08-25-at-14.25.37-225x300.jpeg\",\"keywords\":[\"Bioclinic Laboratory\",\"Laboratory\",\"lim\u00f3n\",\"puerto viejo\",\"Talamanca\"],\"articleSection\":[\"Company\"],\"inLanguage\":\"es\",\"potentialAction\":[{\"@type\":\"CommentAction\",\"name\":\"Comment\",\"target\":[\"https:\\\/\\\/laboratoriobioclinic.cr\\\/en\\\/company\\\/about-us\\\/#respond\"]}]},{\"@type\":\"WebPage\",\"@id\":\"https:\\\/\\\/laboratoriobioclinic.cr\\\/en\\\/company\\\/about-us\\\/\",\"url\":\"https:\\\/\\\/laboratoriobioclinic.cr\\\/en\\\/company\\\/about-us\\\/\",\"name\":\"About Us - Laboratorio Bioclinic\",\"isPartOf\":{\"@id\":\"https:\\\/\\\/laboratoriobioclinic.cr\\\/es\\\/#website\"},\"primaryImageOfPage\":{\"@id\":\"https:\\\/\\\/laboratoriobioclinic.cr\\\/en\\\/company\\\/about-us\\\/#primaryimage\"},\"image\":{\"@id\":\"https:\\\/\\\/laboratoriobioclinic.cr\\\/en\\\/company\\\/about-us\\\/#primaryimage\"},\"thumbnailUrl\":\"https:\\\/\\\/laboratoriobioclinic.cr\\\/wp-content\\\/uploads\\\/2021\\\/05\\\/WhatsApp-Image-2021-08-25-at-14.25.37-225x300.jpeg\",\"datePublished\":\"2021-08-26T19:22:25+00:00\",\"dateModified\":\"2022-04-19T20:03:02+00:00\",\"author\":{\"@id\":\"https:\\\/\\\/laboratoriobioclinic.cr\\\/es\\\/#\\\/schema\\\/person\\\/22388802b822cf3b3ff7019581c95721\"},\"description\":\"Dr. Prado and Dr. Soto, founded the Bioclinic Laboratory. Managing a different system of attention to the public.\",\"inLanguage\":\"es\",\"potentialAction\":[{\"@type\":\"ReadAction\",\"target\":[\"https:\\\/\\\/laboratoriobioclinic.cr\\\/en\\\/company\\\/about-us\\\/\"]}]},{\"@type\":\"ImageObject\",\"inLanguage\":\"es\",\"@id\":\"https:\\\/\\\/laboratoriobioclinic.cr\\\/en\\\/company\\\/about-us\\\/#primaryimage\",\"url\":\"https:\\\/\\\/laboratoriobioclinic.cr\\\/wp-content\\\/uploads\\\/2021\\\/05\\\/WhatsApp-Image-2021-08-25-at-14.25.37-225x300.jpeg\",\"contentUrl\":\"https:\\\/\\\/laboratoriobioclinic.cr\\\/wp-content\\\/uploads\\\/2021\\\/05\\\/WhatsApp-Image-2021-08-25-at-14.25.37-225x300.jpeg\"},{\"@type\":\"WebSite\",\"@id\":\"https:\\\/\\\/laboratoriobioclinic.cr\\\/es\\\/#website\",\"url\":\"https:\\\/\\\/laboratoriobioclinic.cr\\\/es\\\/\",\"name\":\"Laboratorio Bioclinic\",\"description\":\"An\u00e1lisis cl\u00ednicos | Puerto Viejo | Lim\u00f3n\",\"potentialAction\":[{\"@type\":\"SearchAction\",\"target\":{\"@type\":\"EntryPoint\",\"urlTemplate\":\"https:\\\/\\\/laboratoriobioclinic.cr\\\/es\\\/?s={search_term_string}\"},\"query-input\":{\"@type\":\"PropertyValueSpecification\",\"valueRequired\":true,\"valueName\":\"search_term_string\"}}],\"inLanguage\":\"es\"},{\"@type\":\"Person\",\"@id\":\"https:\\\/\\\/laboratoriobioclinic.cr\\\/es\\\/#\\\/schema\\\/person\\\/22388802b822cf3b3ff7019581c95721\",\"name\":\"V\u00edctor Hern\u00e1ndez\",\"image\":{\"@type\":\"ImageObject\",\"inLanguage\":\"es\",\"@id\":\"https:\\\/\\\/secure.gravatar.com\\\/avatar\\\/df86c8d5b329d3be6dc959b83558672fb6ce1002eb345c198ef5458738b7ce88?s=96&d=mm&r=g\",\"url\":\"https:\\\/\\\/secure.gravatar.com\\\/avatar\\\/df86c8d5b329d3be6dc959b83558672fb6ce1002eb345c198ef5458738b7ce88?s=96&d=mm&r=g\",\"contentUrl\":\"https:\\\/\\\/secure.gravatar.com\\\/avatar\\\/df86c8d5b329d3be6dc959b83558672fb6ce1002eb345c198ef5458738b7ce88?s=96&d=mm&r=g\",\"caption\":\"V\u00edctor Hern\u00e1ndez\"},\"url\":\"https:\\\/\\\/www.laboratoriobioclinic.cr\\\/es\\\/author\\\/victor\\\/\"}]}<\/script>\n<!-- \/ Yoast SEO plugin. -->","yoast_head_json":{"title":"About Us - Laboratorio Bioclinic","description":"Dr. Prado and Dr. Soto, founded the Bioclinic Laboratory. Managing a different system of attention to the public.","robots":{"index":"index","follow":"follow","max-snippet":"max-snippet:-1","max-image-preview":"max-image-preview:large","max-video-preview":"max-video-preview:-1"},"canonical":"https:\/\/laboratoriobioclinic.cr\/en\/company\/about-us\/","og_locale":"es_ES","og_type":"article","og_title":"About Us - Laboratorio Bioclinic","og_description":"Dr. Prado and Dr. Soto, founded the Bioclinic Laboratory. Managing a different system of attention to the public.","og_url":"https:\/\/laboratoriobioclinic.cr\/en\/company\/about-us\/","og_site_name":"Laboratorio Bioclinic","article_published_time":"2021-08-26T19:22:25+00:00","article_modified_time":"2022-04-19T20:03:02+00:00","og_image":[{"url":"https:\/\/laboratoriobioclinic.cr\/wp-content\/uploads\/2021\/05\/WhatsApp-Image-2021-08-25-at-14.25.37-225x300.jpeg","type":"","width":"","height":""}],"author":"V\u00edctor Hern\u00e1ndez","twitter_card":"summary_large_image","twitter_misc":{"Escrito por":"V\u00edctor Hern\u00e1ndez","Tiempo de lectura":"2 minutos"},"schema":{"@context":"https:\/\/schema.org","@graph":[{"@type":"Article","@id":"https:\/\/laboratoriobioclinic.cr\/en\/company\/about-us\/#article","isPartOf":{"@id":"https:\/\/laboratoriobioclinic.cr\/en\/company\/about-us\/"},"author":{"name":"V\u00edctor Hern\u00e1ndez","@id":"https:\/\/laboratoriobioclinic.cr\/es\/#\/schema\/person\/22388802b822cf3b3ff7019581c95721"},"headline":"About us","datePublished":"2021-08-26T19:22:25+00:00","dateModified":"2022-04-19T20:03:02+00:00","mainEntityOfPage":{"@id":"https:\/\/laboratoriobioclinic.cr\/en\/company\/about-us\/"},"wordCount":249,"commentCount":0,"image":{"@id":"https:\/\/laboratoriobioclinic.cr\/en\/company\/about-us\/#primaryimage"},"thumbnailUrl":"https:\/\/laboratoriobioclinic.cr\/wp-content\/uploads\/2021\/05\/WhatsApp-Image-2021-08-25-at-14.25.37-225x300.jpeg","keywords":["Bioclinic Laboratory","Laboratory","lim\u00f3n","puerto viejo","Talamanca"],"articleSection":["Company"],"inLanguage":"es","potentialAction":[{"@type":"CommentAction","name":"Comment","target":["https:\/\/laboratoriobioclinic.cr\/en\/company\/about-us\/#respond"]}]},{"@type":"WebPage","@id":"https:\/\/laboratoriobioclinic.cr\/en\/company\/about-us\/","url":"https:\/\/laboratoriobioclinic.cr\/en\/company\/about-us\/","name":"About Us - Laboratorio Bioclinic","isPartOf":{"@id":"https:\/\/laboratoriobioclinic.cr\/es\/#website"},"primaryImageOfPage":{"@id":"https:\/\/laboratoriobioclinic.cr\/en\/company\/about-us\/#primaryimage"},"image":{"@id":"https:\/\/laboratoriobioclinic.cr\/en\/company\/about-us\/#primaryimage"},"thumbnailUrl":"https:\/\/laboratoriobioclinic.cr\/wp-content\/uploads\/2021\/05\/WhatsApp-Image-2021-08-25-at-14.25.37-225x300.jpeg","datePublished":"2021-08-26T19:22:25+00:00","dateModified":"2022-04-19T20:03:02+00:00","author":{"@id":"https:\/\/laboratoriobioclinic.cr\/es\/#\/schema\/person\/22388802b822cf3b3ff7019581c95721"},"description":"Dr. Prado and Dr. Soto, founded the Bioclinic Laboratory. Managing a different system of attention to the public.","inLanguage":"es","potentialAction":[{"@type":"ReadAction","target":["https:\/\/laboratoriobioclinic.cr\/en\/company\/about-us\/"]}]},{"@type":"ImageObject","inLanguage":"es","@id":"https:\/\/laboratoriobioclinic.cr\/en\/company\/about-us\/#primaryimage","url":"https:\/\/laboratoriobioclinic.cr\/wp-content\/uploads\/2021\/05\/WhatsApp-Image-2021-08-25-at-14.25.37-225x300.jpeg","contentUrl":"https:\/\/laboratoriobioclinic.cr\/wp-content\/uploads\/2021\/05\/WhatsApp-Image-2021-08-25-at-14.25.37-225x300.jpeg"},{"@type":"WebSite","@id":"https:\/\/laboratoriobioclinic.cr\/es\/#website","url":"https:\/\/laboratoriobioclinic.cr\/es\/","name":"Laboratorio Bioclinic","description":"An\u00e1lisis cl\u00ednicos | Puerto Viejo | Lim\u00f3n","potentialAction":[{"@type":"SearchAction","target":{"@type":"EntryPoint","urlTemplate":"https:\/\/laboratoriobioclinic.cr\/es\/?s={search_term_string}"},"query-input":{"@type":"PropertyValueSpecification","valueRequired":true,"valueName":"search_term_string"}}],"inLanguage":"es"},{"@type":"Person","@id":"https:\/\/laboratoriobioclinic.cr\/es\/#\/schema\/person\/22388802b822cf3b3ff7019581c95721","name":"V\u00edctor Hern\u00e1ndez","image":{"@type":"ImageObject","inLanguage":"es","@id":"https:\/\/secure.gravatar.com\/avatar\/df86c8d5b329d3be6dc959b83558672fb6ce1002eb345c198ef5458738b7ce88?s=96&d=mm&r=g","url":"https:\/\/secure.gravatar.com\/avatar\/df86c8d5b329d3be6dc959b83558672fb6ce1002eb345c198ef5458738b7ce88?s=96&d=mm&r=g","contentUrl":"https:\/\/secure.gravatar.com\/avatar\/df86c8d5b329d3be6dc959b83558672fb6ce1002eb345c198ef5458738b7ce88?s=96&d=mm&r=g","caption":"V\u00edctor Hern\u00e1ndez"},"url":"https:\/\/www.laboratoriobioclinic.cr\/es\/author\/victor\/"}]}},"_links":{"self":[{"href":"https:\/\/www.laboratoriobioclinic.cr\/es\/wp-json\/wp\/v2\/posts\/286","targetHints":{"allow":["GET"]}}],"collection":[{"href":"https:\/\/www.laboratoriobioclinic.cr\/es\/wp-json\/wp\/v2\/posts"}],"about":[{"href":"https:\/\/www.laboratoriobioclinic.cr\/es\/wp-json\/wp\/v2\/types\/post"}],"author":[{"embeddable":true,"href":"https:\/\/www.laboratoriobioclinic.cr\/es\/wp-json\/wp\/v2\/users\/2"}],"replies":[{"embeddable":true,"href":"https:\/\/www.laboratoriobioclinic.cr\/es\/wp-json\/wp\/v2\/comments?post=286"}],"version-history":[{"count":3,"href":"https:\/\/www.laboratoriobioclinic.cr\/es\/wp-json\/wp\/v2\/posts\/286\/revisions"}],"predecessor-version":[{"id":452,"href":"https:\/\/www.laboratoriobioclinic.cr\/es\/wp-json\/wp\/v2\/posts\/286\/revisions\/452"}],"wp:attachment":[{"href":"https:\/\/www.laboratoriobioclinic.cr\/es\/wp-json\/wp\/v2\/media?parent=286"}],"wp:term":[{"taxonomy":"category","embeddable":true,"href":"https:\/\/www.laboratoriobioclinic.cr\/es\/wp-json\/wp\/v2\/categories?post=286"},{"taxonomy":"post_tag","embeddable":true,"href":"https:\/\/www.laboratoriobioclinic.cr\/es\/wp-json\/wp\/v2\/tags?post=286"}],"curies":[{"name":"wp","href":"https:\/\/api.w.org\/{rel}","templated":true}]}}