{"id":1751,"date":"2026-09-01T13:28:18","date_gmt":"2026-09-01T19:28:18","guid":{"rendered":"https:\/\/laboratoriobioclinic.cr\/?p=1751"},"modified":"2026-09-01T13:28:18","modified_gmt":"2026-09-01T19:28:18","slug":"ferritina-baja-sintomas-analisis","status":"publish","type":"post","link":"https:\/\/www.laboratoriobioclinic.cr\/es\/blog-es\/ferritina-baja-sintomas-analisis\/","title":{"rendered":"Ferritina baja: falta de hierro incluso sin anemia"},"content":{"rendered":"<h2>Ferritina baja: s\u00edntomas, causas y an\u00e1lisis para detectar la falta de hierro<\/h2>\n<p><img loading=\"lazy\" decoding=\"async\" class=\"alignnone size-full wp-image-1726\" src=\"https:\/\/laboratoriobioclinic.cr\/wp-content\/uploads\/2026\/07\/Logo-BKS-Insight.png\" alt=\"Logo BKS Insights\" width=\"210\" height=\"75\" \/><\/p>\n<p class=\"PDq2pG_selectionAnchorContainer\" data-start=\"1820\" data-end=\"2142\">La <strong data-start=\"1823\" data-end=\"1841\">ferritina baja<\/strong> puede aparecer antes de que el hemograma muestre una anemia. Sentirse cansado, tener dificultades para concentrarse o notar una mayor ca\u00edda del cabello podr\u00edan estar relacionados con una disminuci\u00f3n de las reservas de hierro, aunque la hemoglobina todav\u00eda se encuentre dentro del rango de referencia.<\/p>\n<p data-start=\"2147\" data-end=\"2348\">Detectar la <strong data-start=\"2159\" data-end=\"2177\">ferritina baja<\/strong> mediante un an\u00e1lisis de sangre permite conocer el estado de las reservas de hierro, buscar la posible causa de su disminuci\u00f3n y actuar antes de que la deficiencia avance.<\/p>\n<h3 class=\"PDq2pG_selectionAnchorContainer\" data-section-id=\"1bjrdd7\" data-start=\"596\" data-end=\"620\">\u00bfQu\u00e9 es la ferritina?<\/h3>\n<p data-start=\"622\" data-end=\"784\">La ferritina es una prote\u00edna que almacena hierro y lo libera cuando el organismo lo necesita. Su concentraci\u00f3n en sangre ayuda a estimar las reservas disponibles.<\/p>\n<p data-start=\"786\" data-end=\"1036\">El hierro es necesario para producir hemoglobina, la prote\u00edna de los gl\u00f3bulos rojos encargada de transportar ox\u00edgeno. Cuando las reservas comienzan a disminuir, la ferritina puede bajar antes de que aparezcan alteraciones evidentes en la hemoglobina.<\/p>\n<p data-start=\"1038\" data-end=\"1398\">Por este motivo, tener un hemograma normal no siempre permite descartar una deficiencia inicial de hierro. La <a class=\"decorated-link\" href=\"https:\/\/www.who.int\/publications\/i\/item\/9789240000124?utm_source=chatgpt.com\" target=\"_new\" rel=\"noopener\" data-start=\"1148\" data-end=\"1237\">Organizaci\u00f3n Mundial de la Salud<\/a> reconoce la ferritina como un marcador \u00fatil para evaluar el estado del hierro, aunque su interpretaci\u00f3n debe considerar la presencia de inflamaci\u00f3n o infecci\u00f3n.<\/p>\n<h3 data-section-id=\"1rh4xml\" data-start=\"1400\" data-end=\"1442\">Ferritina baja y anemia: \u00bfson lo mismo?<\/h3>\n<p data-start=\"1444\" data-end=\"1472\">No son exactamente lo mismo.<\/p>\n<p data-start=\"1474\" data-end=\"1704\">La <strong data-start=\"1477\" data-end=\"1495\">ferritina baja<\/strong> indica que las reservas de hierro pueden estar disminuidas. La anemia aparece cuando esa carencia llega a afectar la producci\u00f3n de hemoglobina y, por tanto, la capacidad de la sangre para transportar ox\u00edgeno.<\/p>\n<p data-start=\"1706\" data-end=\"1929\">Una persona puede atravesar inicialmente una deficiencia de hierro sin anemia. En esta etapa, la hemoglobina puede mantenerse dentro del rango establecido por el laboratorio, mientras la ferritina ya presenta una reducci\u00f3n.<\/p>\n<p data-start=\"1931\" data-end=\"2224\">Si la causa no se identifica y la deficiencia contin\u00faa, pueden aparecer cambios en el hemograma compatibles con anemia por falta de hierro. MedlinePlus confirma que no todas las personas con niveles bajos de hierro presentan anemia y que la ferritina mide el hierro almacenado en el organismo.<\/p>\n<p data-start=\"1931\" data-end=\"2224\">El hemograma permite evaluar la hemoglobina y otras caracter\u00edsticas de las c\u00e9lulas sangu\u00edneas. Sin embargo, debe interpretarse junto con la ferritina y los dem\u00e1s estudios solicitados. Conozca <a class=\"decorated-link\" href=\"https:\/\/laboratoriobioclinic.cr\/es\/blog-es\/hemograma-completo\/\" target=\"_new\" rel=\"noopener\" data-start=\"417\" data-end=\"527\">qu\u00e9 informaci\u00f3n ofrece un hemograma completo<\/a> y por qu\u00e9 sus resultados deben valorarse de forma conjunta.<\/p>\n<h3 data-section-id=\"1v2bke8\" data-start=\"2226\" data-end=\"2277\">\u00bfQu\u00e9 s\u00edntomas puede producir la falta de hierro?<\/h3>\n<p data-start=\"2279\" data-end=\"2422\">Durante las primeras etapas puede no haber s\u00edntomas. Cuando aparecen, suelen ser poco espec\u00edficos y tambi\u00e9n pueden deberse a otras condiciones:<\/p>\n<ul data-start=\"2424\" data-end=\"2678\">\n<li data-section-id=\"1fh162a\" data-start=\"2424\" data-end=\"2460\">Cansancio o debilidad persistente.<\/li>\n<li data-section-id=\"qulkv8\" data-start=\"2461\" data-end=\"2492\">Dificultad para concentrarse.<\/li>\n<li data-section-id=\"1gpfv8j\" data-start=\"2493\" data-end=\"2525\">Menor tolerancia al ejercicio.<\/li>\n<li data-section-id=\"zjrd6z\" data-start=\"2526\" data-end=\"2553\">Dolor de cabeza o mareos.<\/li>\n<li data-section-id=\"gyoobv\" data-start=\"2554\" data-end=\"2574\">Ca\u00edda del cabello.<\/li>\n<li data-section-id=\"5q2pox\" data-start=\"2575\" data-end=\"2591\">U\u00f1as fr\u00e1giles.<\/li>\n<li data-section-id=\"lj9f0s\" data-start=\"2592\" data-end=\"2612\">Sensaci\u00f3n de fr\u00edo.<\/li>\n<li data-section-id=\"7kg5w0\" data-start=\"2613\" data-end=\"2678\">Molestias o necesidad de mover las piernas durante el descanso.<\/li>\n<\/ul>\n<p data-start=\"2680\" data-end=\"2838\">Estos s\u00edntomas no permiten confirmar por s\u00ed solos una deficiencia. La valoraci\u00f3n m\u00e9dica y los an\u00e1lisis correspondientes son necesarios para conocer su origen.<\/p>\n<h3 data-section-id=\"1nxopzf\" data-start=\"2840\" data-end=\"2877\">\u00bfPor qu\u00e9 puede bajar la ferritina?<\/h3>\n<p data-start=\"2879\" data-end=\"2919\">Entre las posibles causas se encuentran:<\/p>\n<ul data-start=\"2921\" data-end=\"3246\">\n<li data-section-id=\"vhoymq\" data-start=\"2921\" data-end=\"2963\">Menstruaciones abundantes o prolongadas.<\/li>\n<li data-section-id=\"fpl766\" data-start=\"2964\" data-end=\"3014\">Embarazo y aumento de las necesidades de hierro.<\/li>\n<li data-section-id=\"1eazu1o\" data-start=\"3015\" data-end=\"3057\">Alimentaci\u00f3n con un aporte insuficiente.<\/li>\n<li data-section-id=\"2p0tmm\" data-start=\"3058\" data-end=\"3090\">P\u00e9rdidas de sangre digestivas.<\/li>\n<li data-section-id=\"97pq4c\" data-start=\"3091\" data-end=\"3125\">Donaciones frecuentes de sangre.<\/li>\n<li data-section-id=\"1xhrzg1\" data-start=\"3126\" data-end=\"3177\">Problemas que dificultan la absorci\u00f3n intestinal.<\/li>\n<li data-section-id=\"mns133\" data-start=\"3178\" data-end=\"3202\">Etapas de crecimiento.<\/li>\n<li data-section-id=\"k4uzk6\" data-start=\"3203\" data-end=\"3246\">Determinadas enfermedades o tratamientos.<\/li>\n<\/ul>\n<p data-start=\"3248\" data-end=\"3477\">Encontrar una <strong data-start=\"3262\" data-end=\"3280\">ferritina baja<\/strong> no explica autom\u00e1ticamente qu\u00e9 la produjo. Es necesario investigar la causa, especialmente en hombres, mujeres despu\u00e9s de la menopausia o personas sin una raz\u00f3n evidente para la p\u00e9rdida de hierro.<\/p>\n<h3 data-section-id=\"70wjkm\" data-start=\"3479\" data-end=\"3536\">\u00bfQu\u00e9 an\u00e1lisis ayudan a evaluar las reservas de hierro?<\/h3>\n<p data-start=\"3538\" data-end=\"3598\">La ferritina suele interpretarse junto con otros resultados:<\/p>\n<ul data-start=\"3600\" data-end=\"3861\">\n<li data-section-id=\"t4zi9e\" data-start=\"3600\" data-end=\"3621\">Hemograma completo.<\/li>\n<li data-section-id=\"11wbrex\" data-start=\"3622\" data-end=\"3650\">Hemoglobina y hematocrito.<\/li>\n<li data-section-id=\"1ja51qj\" data-start=\"3651\" data-end=\"3679\">Volumen corpuscular medio.<\/li>\n<li data-section-id=\"j6czeo\" data-start=\"3680\" data-end=\"3696\">Hierro s\u00e9rico.<\/li>\n<li data-section-id=\"12ufqgp\" data-start=\"3697\" data-end=\"3712\">Transferrina.<\/li>\n<li data-section-id=\"4xzvu0\" data-start=\"3713\" data-end=\"3754\">Capacidad total de fijaci\u00f3n del hierro.<\/li>\n<li data-section-id=\"fbokc1\" data-start=\"3755\" data-end=\"3798\">Porcentaje de saturaci\u00f3n de transferrina.<\/li>\n<li data-section-id=\"10y3jik\" data-start=\"3799\" data-end=\"3861\">Prote\u00edna C reactiva, cuando se necesita valorar inflamaci\u00f3n.<\/li>\n<\/ul>\n<p data-start=\"3863\" data-end=\"4198\">La ferritina tambi\u00e9n puede aumentar como respuesta a una infecci\u00f3n, inflamaci\u00f3n, enfermedad hep\u00e1tica u otras condiciones. Por eso, un resultado normal o elevado no siempre descarta una deficiencia de hierro. Los valores deben analizarse seg\u00fan la edad, el sexo, los antecedentes, los s\u00edntomas y los rangos utilizados por el laboratorio.<\/p>\n<p data-start=\"3863\" data-end=\"4198\">Estos par\u00e1metros deben evaluarse conjuntamente. Puede consultar nuestra gu\u00eda sobre <a class=\"decorated-link\" href=\"https:\/\/laboratoriobioclinic.cr\/es\/blog-es\/interpretar-valores-hemograma\/\" target=\"_new\" rel=\"noopener\" data-start=\"950\" data-end=\"1071\">c\u00f3mo interpretar los valores de un hemograma<\/a> para comprender la funci\u00f3n general de sus principales componentes.<\/p>\n<h3 data-section-id=\"bgq4w4\" data-start=\"4200\" data-end=\"4242\">\u00bfLa prueba de ferritina requiere ayuno?<\/h3>\n<p data-start=\"4244\" data-end=\"4424\">La ferritina se mide a partir de una muestra de sangre. Dependiendo de los an\u00e1lisis adicionales solicitados, puede ser necesario acudir en ayunas o seguir indicaciones espec\u00edficas.<\/p>\n<p data-start=\"4426\" data-end=\"4597\">Antes de la toma de la muestra, conviene informar sobre medicamentos, vitaminas o suplementos que se est\u00e9n utilizando. No deben suspenderse tratamientos por cuenta propia.<\/p>\n<h3 data-section-id=\"1vnz71b\" data-start=\"4599\" data-end=\"4650\">\u00bfSe debe tomar hierro si la ferritina est\u00e1 baja?<\/h3>\n<p data-start=\"4652\" data-end=\"4823\">No se recomienda comenzar a tomar suplementos sin valoraci\u00f3n profesional. El tratamiento depende del resultado, la intensidad de la deficiencia y, sobre todo, de su causa.<\/p>\n<p data-start=\"4825\" data-end=\"5121\">Tomar hierro sin supervisi\u00f3n puede provocar efectos adversos, interferir con otros medicamentos o retrasar la identificaci\u00f3n de una p\u00e9rdida de sangre u otro problema de salud. El objetivo no consiste \u00fanicamente en elevar la ferritina, sino tambi\u00e9n en comprender por qu\u00e9 disminuyeron las reservas.<\/p>\n<h3 data-section-id=\"m74vkf\" data-start=\"5123\" data-end=\"5171\">An\u00e1lisis de ferritina en Puerto Viejo y Lim\u00f3n<\/h3>\n<p data-start=\"5173\" data-end=\"5347\">Quienes buscan <a class=\"decorated-link\" href=\"https:\/\/laboratoriobioclinic.cr\/es\/empresa\/analisis-de-sangre-puerto-viejo\/\" target=\"_new\" rel=\"noopener\" data-start=\"1419\" data-end=\"1533\"><strong data-start=\"1420\" data-end=\"1455\">an\u00e1lisis de sangre Puerto Viejo<\/strong><\/a> pueden consultar en Bioclinic la preparaci\u00f3n necesaria para medir ferritina y otros indicadores del metabolismo del hierro.<\/p>\n<p data-start=\"5349\" data-end=\"5692\">Nuestro <strong data-start=\"5357\" data-end=\"5393\">laboratorio cl\u00ednico Puerto Viejo<\/strong> ofrece atenci\u00f3n profesional y resultados confiables para apoyar la prevenci\u00f3n y el seguimiento m\u00e9dico. Como parte de los <strong data-start=\"5515\" data-end=\"5550\">servicios de salud Puerto Viejo<\/strong>, tambi\u00e9n orientamos a cada paciente sobre los requisitos de la prueba, sin sustituir la valoraci\u00f3n y el diagn\u00f3stico del profesional tratante.<\/p>\n<p data-start=\"5694\" data-end=\"5944\">Bioclinic dispone de sedes en Puerto Viejo de Talamanca y Lim\u00f3n Centro. Si presenta cansancio persistente, menstruaciones abundantes, ca\u00edda del cabello u otros s\u00edntomas, consulte con su m\u00e9dico para determinar cu\u00e1les ex\u00e1menes son adecuados en su caso.<\/p>\n<p data-start=\"5694\" data-end=\"5944\">Detectar una <strong data-start=\"2526\" data-end=\"2544\">ferritina baja<\/strong> a tiempo permite investigar sus posibles causas antes de que la falta de hierro avance. Si presenta cansancio persistente, ca\u00edda del cabello, menstruaciones abundantes u otros s\u00edntomas, consulte con un profesional de la salud para determinar qu\u00e9 an\u00e1lisis necesita.<\/p>\n<h3 class=\"PDq2pG_selectionAnchorContainer\" data-section-id=\"186t2xj\" data-start=\"5946\" data-end=\"5969\">Fuentes consultadas<\/h3>\n<ul data-start=\"5971\" data-end=\"6390\" data-is-last-node=\"\" data-is-only-node=\"\">\n<li data-section-id=\"wz5rbs\" data-start=\"5971\" data-end=\"6117\"><a class=\"decorated-link\" href=\"https:\/\/www.who.int\/publications\/i\/item\/9789240000124\" target=\"_new\" rel=\"noopener\" data-start=\"5973\" data-end=\"6117\">Organizaci\u00f3n Mundial de la Salud: uso de la ferritina para evaluar el estado del hierro<\/a><\/li>\n<li data-section-id=\"1i9pu4x\" data-start=\"6118\" data-end=\"6210\"><a class=\"decorated-link\" href=\"https:\/\/medlineplus.gov\/lab-tests\/ferritin-blood-test\/\" target=\"_new\" rel=\"noopener\" data-start=\"6120\" data-end=\"6210\">MedlinePlus: prueba de ferritina<\/a><\/li>\n<li data-section-id=\"dy2yue\" data-start=\"6211\" data-end=\"6292\"><a class=\"decorated-link\" href=\"https:\/\/medlineplus.gov\/lab-tests\/iron-tests\/\" target=\"_new\" rel=\"noopener\" data-start=\"6213\" data-end=\"6292\">MedlinePlus: pruebas de hierro<\/a><\/li>\n<li data-section-id=\"1le7mfj\" data-start=\"6293\" data-end=\"6390\" data-is-last-node=\"\"><a class=\"decorated-link\" href=\"https:\/\/www.nhs.uk\/conditions\/iron-deficiency-anaemia\/\" target=\"_new\" rel=\"noopener\" data-start=\"6295\" data-end=\"6390\" data-is-last-node=\"\">NHS: anemia por deficiencia de hierro<\/a><\/li>\n<\/ul>\n","protected":false},"excerpt":{"rendered":"<p>Ferritina baja: s\u00edntomas, causas y an\u00e1lisis para detectar la falta de hierro La ferritina baja puede aparecer antes de que el hemograma muestre una anemia. Sentirse cansado, tener dificultades para concentrarse o notar una mayor ca\u00edda del cabello podr\u00edan estar relacionados con una disminuci\u00f3n de las reservas de hierro, aunque la hemoglobina todav\u00eda se encuentre [&hellip;]<\/p>\n","protected":false},"author":2,"featured_media":1752,"comment_status":"closed","ping_status":"closed","sticky":false,"template":"","format":"standard","meta":{"footnotes":""},"categories":[15],"tags":[1398,1324,1402,369,1399,1397,1166,1400,736,1401],"class_list":["post-1751","post","type-post","status-publish","format-standard","has-post-thumbnail","hentry","category-blog-es","tag-anlisis-de-ferritina","tag-anlisis-de-sangre-puerto-viejo","tag-anemia-por-falta-de-hierro","tag-deficiencia-de-hierro","tag-falta-de-hierro","tag-ferritina-baja","tag-laboratorio-clnico-puerto-viejo","tag-reservas-de-hierro","tag-servicios-de-salud-puerto-viejo","tag-sntomas-de-ferritina-baja"],"yoast_head":"<!-- This site is optimized with the Yoast SEO plugin v28.4 - https:\/\/yoast.com\/product\/yoast-seo-wordpress\/ -->\n<title>Ferritina baja: s\u00edntomas y an\u00e1lisis - Laboratorio Bioclinic<\/title>\n<meta name=\"description\" content=\"Descubra qu\u00e9 significa tener ferritina baja, sus s\u00edntomas, posibles causas y qu\u00e9 an\u00e1lisis ayudan a detectar la falta de hierro.\" \/>\n<meta name=\"robots\" content=\"index, follow, max-snippet:-1, max-image-preview:large, max-video-preview:-1\" \/>\n<link rel=\"canonical\" href=\"https:\/\/laboratoriobioclinic.cr\/blog-es\/ferritina-baja-sintomas-analisis\/\" \/>\n<meta property=\"og:locale\" content=\"es_ES\" \/>\n<meta property=\"og:type\" content=\"article\" \/>\n<meta property=\"og:title\" content=\"Ferritina baja: s\u00edntomas y an\u00e1lisis - Laboratorio Bioclinic\" \/>\n<meta property=\"og:description\" content=\"Descubra qu\u00e9 significa tener ferritina baja, sus s\u00edntomas, posibles causas y qu\u00e9 an\u00e1lisis ayudan a detectar la falta de hierro.\" \/>\n<meta property=\"og:url\" content=\"https:\/\/laboratoriobioclinic.cr\/blog-es\/ferritina-baja-sintomas-analisis\/\" \/>\n<meta property=\"og:site_name\" content=\"Laboratorio Bioclinic\" \/>\n<meta property=\"article:published_time\" content=\"2026-09-01T19:28:18+00:00\" \/>\n<meta property=\"og:image\" content=\"https:\/\/laboratoriobioclinic.cr\/wp-content\/uploads\/2026\/09\/ferritina-Baja.png\" \/>\n\t<meta property=\"og:image:width\" content=\"1080\" \/>\n\t<meta property=\"og:image:height\" content=\"1080\" \/>\n\t<meta property=\"og:image:type\" content=\"image\/png\" \/>\n<meta name=\"author\" content=\"V\u00edctor Hern\u00e1ndez\" \/>\n<meta name=\"twitter:card\" content=\"summary_large_image\" \/>\n<meta name=\"twitter:label1\" content=\"Escrito por\" \/>\n\t<meta name=\"twitter:data1\" content=\"V\u00edctor Hern\u00e1ndez\" \/>\n\t<meta name=\"twitter:label2\" content=\"Tiempo de lectura\" \/>\n\t<meta name=\"twitter:data2\" content=\"5 minutos\" \/>\n<script type=\"application\/ld+json\" class=\"yoast-schema-graph\">{\"@context\":\"https:\\\/\\\/schema.org\",\"@graph\":[{\"@type\":\"Article\",\"@id\":\"https:\\\/\\\/laboratoriobioclinic.cr\\\/blog-es\\\/ferritina-baja-sintomas-analisis\\\/#article\",\"isPartOf\":{\"@id\":\"https:\\\/\\\/laboratoriobioclinic.cr\\\/blog-es\\\/ferritina-baja-sintomas-analisis\\\/\"},\"author\":{\"name\":\"V\u00edctor Hern\u00e1ndez\",\"@id\":\"https:\\\/\\\/laboratoriobioclinic.cr\\\/es\\\/#\\\/schema\\\/person\\\/22388802b822cf3b3ff7019581c95721\"},\"headline\":\"Ferritina baja: falta de hierro incluso sin anemia\",\"datePublished\":\"2026-09-01T19:28:18+00:00\",\"mainEntityOfPage\":{\"@id\":\"https:\\\/\\\/laboratoriobioclinic.cr\\\/blog-es\\\/ferritina-baja-sintomas-analisis\\\/\"},\"wordCount\":1097,\"image\":{\"@id\":\"https:\\\/\\\/laboratoriobioclinic.cr\\\/blog-es\\\/ferritina-baja-sintomas-analisis\\\/#primaryimage\"},\"thumbnailUrl\":\"https:\\\/\\\/www.laboratoriobioclinic.cr\\\/wp-content\\\/uploads\\\/2026\\\/09\\\/ferritina-Baja.png\",\"keywords\":[\"an\u00e1lisis de ferritina\",\"an\u00e1lisis de sangre puerto viejo\",\"anemia por falta de hierro\",\"deficiencia de hierro\",\"falta de hierro\",\"ferritina baja\",\"laboratorio cl\u00ednico Puerto Viejo\",\"reservas de hierro\",\"servicios de salud puerto viejo\",\"s\u00edntomas de ferritina baja\"],\"articleSection\":[\"Blog ES\"],\"inLanguage\":\"es\"},{\"@type\":\"WebPage\",\"@id\":\"https:\\\/\\\/laboratoriobioclinic.cr\\\/blog-es\\\/ferritina-baja-sintomas-analisis\\\/\",\"url\":\"https:\\\/\\\/laboratoriobioclinic.cr\\\/blog-es\\\/ferritina-baja-sintomas-analisis\\\/\",\"name\":\"Ferritina baja: s\u00edntomas y an\u00e1lisis - Laboratorio Bioclinic\",\"isPartOf\":{\"@id\":\"https:\\\/\\\/laboratoriobioclinic.cr\\\/es\\\/#website\"},\"primaryImageOfPage\":{\"@id\":\"https:\\\/\\\/laboratoriobioclinic.cr\\\/blog-es\\\/ferritina-baja-sintomas-analisis\\\/#primaryimage\"},\"image\":{\"@id\":\"https:\\\/\\\/laboratoriobioclinic.cr\\\/blog-es\\\/ferritina-baja-sintomas-analisis\\\/#primaryimage\"},\"thumbnailUrl\":\"https:\\\/\\\/www.laboratoriobioclinic.cr\\\/wp-content\\\/uploads\\\/2026\\\/09\\\/ferritina-Baja.png\",\"datePublished\":\"2026-09-01T19:28:18+00:00\",\"author\":{\"@id\":\"https:\\\/\\\/laboratoriobioclinic.cr\\\/es\\\/#\\\/schema\\\/person\\\/22388802b822cf3b3ff7019581c95721\"},\"description\":\"Descubra qu\u00e9 significa tener ferritina baja, sus s\u00edntomas, posibles causas y qu\u00e9 an\u00e1lisis ayudan a detectar la falta de hierro.\",\"inLanguage\":\"es\",\"potentialAction\":[{\"@type\":\"ReadAction\",\"target\":[\"https:\\\/\\\/laboratoriobioclinic.cr\\\/blog-es\\\/ferritina-baja-sintomas-analisis\\\/\"]}]},{\"@type\":\"ImageObject\",\"inLanguage\":\"es\",\"@id\":\"https:\\\/\\\/laboratoriobioclinic.cr\\\/blog-es\\\/ferritina-baja-sintomas-analisis\\\/#primaryimage\",\"url\":\"https:\\\/\\\/www.laboratoriobioclinic.cr\\\/wp-content\\\/uploads\\\/2026\\\/09\\\/ferritina-Baja.png\",\"contentUrl\":\"https:\\\/\\\/www.laboratoriobioclinic.cr\\\/wp-content\\\/uploads\\\/2026\\\/09\\\/ferritina-Baja.png\",\"width\":1080,\"height\":1080,\"caption\":\"El an\u00e1lisis de ferritina permite evaluar las reservas de hierro del organismo.\"},{\"@type\":\"WebSite\",\"@id\":\"https:\\\/\\\/laboratoriobioclinic.cr\\\/es\\\/#website\",\"url\":\"https:\\\/\\\/laboratoriobioclinic.cr\\\/es\\\/\",\"name\":\"Laboratorio Bioclinic\",\"description\":\"An\u00e1lisis cl\u00ednicos | Puerto Viejo | Lim\u00f3n\",\"potentialAction\":[{\"@type\":\"SearchAction\",\"target\":{\"@type\":\"EntryPoint\",\"urlTemplate\":\"https:\\\/\\\/laboratoriobioclinic.cr\\\/es\\\/?s={search_term_string}\"},\"query-input\":{\"@type\":\"PropertyValueSpecification\",\"valueRequired\":true,\"valueName\":\"search_term_string\"}}],\"inLanguage\":\"es\"},{\"@type\":\"Person\",\"@id\":\"https:\\\/\\\/laboratoriobioclinic.cr\\\/es\\\/#\\\/schema\\\/person\\\/22388802b822cf3b3ff7019581c95721\",\"name\":\"V\u00edctor Hern\u00e1ndez\",\"image\":{\"@type\":\"ImageObject\",\"inLanguage\":\"es\",\"@id\":\"https:\\\/\\\/secure.gravatar.com\\\/avatar\\\/df86c8d5b329d3be6dc959b83558672fb6ce1002eb345c198ef5458738b7ce88?s=96&d=mm&r=g\",\"url\":\"https:\\\/\\\/secure.gravatar.com\\\/avatar\\\/df86c8d5b329d3be6dc959b83558672fb6ce1002eb345c198ef5458738b7ce88?s=96&d=mm&r=g\",\"contentUrl\":\"https:\\\/\\\/secure.gravatar.com\\\/avatar\\\/df86c8d5b329d3be6dc959b83558672fb6ce1002eb345c198ef5458738b7ce88?s=96&d=mm&r=g\",\"caption\":\"V\u00edctor Hern\u00e1ndez\"},\"url\":\"https:\\\/\\\/www.laboratoriobioclinic.cr\\\/es\\\/author\\\/victor\\\/\"}]}<\/script>\n<!-- \/ Yoast SEO plugin. -->","yoast_head_json":{"title":"Ferritina baja: s\u00edntomas y an\u00e1lisis - Laboratorio Bioclinic","description":"Descubra qu\u00e9 significa tener ferritina baja, sus s\u00edntomas, posibles causas y qu\u00e9 an\u00e1lisis ayudan a detectar la falta de hierro.","robots":{"index":"index","follow":"follow","max-snippet":"max-snippet:-1","max-image-preview":"max-image-preview:large","max-video-preview":"max-video-preview:-1"},"canonical":"https:\/\/laboratoriobioclinic.cr\/blog-es\/ferritina-baja-sintomas-analisis\/","og_locale":"es_ES","og_type":"article","og_title":"Ferritina baja: s\u00edntomas y an\u00e1lisis - Laboratorio Bioclinic","og_description":"Descubra qu\u00e9 significa tener ferritina baja, sus s\u00edntomas, posibles causas y qu\u00e9 an\u00e1lisis ayudan a detectar la falta de hierro.","og_url":"https:\/\/laboratoriobioclinic.cr\/blog-es\/ferritina-baja-sintomas-analisis\/","og_site_name":"Laboratorio Bioclinic","article_published_time":"2026-09-01T19:28:18+00:00","og_image":[{"width":1080,"height":1080,"url":"https:\/\/laboratoriobioclinic.cr\/wp-content\/uploads\/2026\/09\/ferritina-Baja.png","type":"image\/png"}],"author":"V\u00edctor Hern\u00e1ndez","twitter_card":"summary_large_image","twitter_misc":{"Escrito por":"V\u00edctor Hern\u00e1ndez","Tiempo de lectura":"5 minutos"},"schema":{"@context":"https:\/\/schema.org","@graph":[{"@type":"Article","@id":"https:\/\/laboratoriobioclinic.cr\/blog-es\/ferritina-baja-sintomas-analisis\/#article","isPartOf":{"@id":"https:\/\/laboratoriobioclinic.cr\/blog-es\/ferritina-baja-sintomas-analisis\/"},"author":{"name":"V\u00edctor Hern\u00e1ndez","@id":"https:\/\/laboratoriobioclinic.cr\/es\/#\/schema\/person\/22388802b822cf3b3ff7019581c95721"},"headline":"Ferritina baja: falta de hierro incluso sin anemia","datePublished":"2026-09-01T19:28:18+00:00","mainEntityOfPage":{"@id":"https:\/\/laboratoriobioclinic.cr\/blog-es\/ferritina-baja-sintomas-analisis\/"},"wordCount":1097,"image":{"@id":"https:\/\/laboratoriobioclinic.cr\/blog-es\/ferritina-baja-sintomas-analisis\/#primaryimage"},"thumbnailUrl":"https:\/\/www.laboratoriobioclinic.cr\/wp-content\/uploads\/2026\/09\/ferritina-Baja.png","keywords":["an\u00e1lisis de ferritina","an\u00e1lisis de sangre puerto viejo","anemia por falta de hierro","deficiencia de hierro","falta de hierro","ferritina baja","laboratorio cl\u00ednico Puerto Viejo","reservas de hierro","servicios de salud puerto viejo","s\u00edntomas de ferritina baja"],"articleSection":["Blog ES"],"inLanguage":"es"},{"@type":"WebPage","@id":"https:\/\/laboratoriobioclinic.cr\/blog-es\/ferritina-baja-sintomas-analisis\/","url":"https:\/\/laboratoriobioclinic.cr\/blog-es\/ferritina-baja-sintomas-analisis\/","name":"Ferritina baja: s\u00edntomas y an\u00e1lisis - Laboratorio Bioclinic","isPartOf":{"@id":"https:\/\/laboratoriobioclinic.cr\/es\/#website"},"primaryImageOfPage":{"@id":"https:\/\/laboratoriobioclinic.cr\/blog-es\/ferritina-baja-sintomas-analisis\/#primaryimage"},"image":{"@id":"https:\/\/laboratoriobioclinic.cr\/blog-es\/ferritina-baja-sintomas-analisis\/#primaryimage"},"thumbnailUrl":"https:\/\/www.laboratoriobioclinic.cr\/wp-content\/uploads\/2026\/09\/ferritina-Baja.png","datePublished":"2026-09-01T19:28:18+00:00","author":{"@id":"https:\/\/laboratoriobioclinic.cr\/es\/#\/schema\/person\/22388802b822cf3b3ff7019581c95721"},"description":"Descubra qu\u00e9 significa tener ferritina baja, sus s\u00edntomas, posibles causas y qu\u00e9 an\u00e1lisis ayudan a detectar la falta de hierro.","inLanguage":"es","potentialAction":[{"@type":"ReadAction","target":["https:\/\/laboratoriobioclinic.cr\/blog-es\/ferritina-baja-sintomas-analisis\/"]}]},{"@type":"ImageObject","inLanguage":"es","@id":"https:\/\/laboratoriobioclinic.cr\/blog-es\/ferritina-baja-sintomas-analisis\/#primaryimage","url":"https:\/\/www.laboratoriobioclinic.cr\/wp-content\/uploads\/2026\/09\/ferritina-Baja.png","contentUrl":"https:\/\/www.laboratoriobioclinic.cr\/wp-content\/uploads\/2026\/09\/ferritina-Baja.png","width":1080,"height":1080,"caption":"El an\u00e1lisis de ferritina permite evaluar las reservas de hierro del organismo."},{"@type":"WebSite","@id":"https:\/\/laboratoriobioclinic.cr\/es\/#website","url":"https:\/\/laboratoriobioclinic.cr\/es\/","name":"Laboratorio Bioclinic","description":"An\u00e1lisis cl\u00ednicos | Puerto Viejo | Lim\u00f3n","potentialAction":[{"@type":"SearchAction","target":{"@type":"EntryPoint","urlTemplate":"https:\/\/laboratoriobioclinic.cr\/es\/?s={search_term_string}"},"query-input":{"@type":"PropertyValueSpecification","valueRequired":true,"valueName":"search_term_string"}}],"inLanguage":"es"},{"@type":"Person","@id":"https:\/\/laboratoriobioclinic.cr\/es\/#\/schema\/person\/22388802b822cf3b3ff7019581c95721","name":"V\u00edctor Hern\u00e1ndez","image":{"@type":"ImageObject","inLanguage":"es","@id":"https:\/\/secure.gravatar.com\/avatar\/df86c8d5b329d3be6dc959b83558672fb6ce1002eb345c198ef5458738b7ce88?s=96&d=mm&r=g","url":"https:\/\/secure.gravatar.com\/avatar\/df86c8d5b329d3be6dc959b83558672fb6ce1002eb345c198ef5458738b7ce88?s=96&d=mm&r=g","contentUrl":"https:\/\/secure.gravatar.com\/avatar\/df86c8d5b329d3be6dc959b83558672fb6ce1002eb345c198ef5458738b7ce88?s=96&d=mm&r=g","caption":"V\u00edctor Hern\u00e1ndez"},"url":"https:\/\/www.laboratoriobioclinic.cr\/es\/author\/victor\/"}]}},"_links":{"self":[{"href":"https:\/\/www.laboratoriobioclinic.cr\/es\/wp-json\/wp\/v2\/posts\/1751","targetHints":{"allow":["GET"]}}],"collection":[{"href":"https:\/\/www.laboratoriobioclinic.cr\/es\/wp-json\/wp\/v2\/posts"}],"about":[{"href":"https:\/\/www.laboratoriobioclinic.cr\/es\/wp-json\/wp\/v2\/types\/post"}],"author":[{"embeddable":true,"href":"https:\/\/www.laboratoriobioclinic.cr\/es\/wp-json\/wp\/v2\/users\/2"}],"replies":[{"embeddable":true,"href":"https:\/\/www.laboratoriobioclinic.cr\/es\/wp-json\/wp\/v2\/comments?post=1751"}],"version-history":[{"count":2,"href":"https:\/\/www.laboratoriobioclinic.cr\/es\/wp-json\/wp\/v2\/posts\/1751\/revisions"}],"predecessor-version":[{"id":1754,"href":"https:\/\/www.laboratoriobioclinic.cr\/es\/wp-json\/wp\/v2\/posts\/1751\/revisions\/1754"}],"wp:featuredmedia":[{"embeddable":true,"href":"https:\/\/www.laboratoriobioclinic.cr\/es\/wp-json\/wp\/v2\/media\/1752"}],"wp:attachment":[{"href":"https:\/\/www.laboratoriobioclinic.cr\/es\/wp-json\/wp\/v2\/media?parent=1751"}],"wp:term":[{"taxonomy":"category","embeddable":true,"href":"https:\/\/www.laboratoriobioclinic.cr\/es\/wp-json\/wp\/v2\/categories?post=1751"},{"taxonomy":"post_tag","embeddable":true,"href":"https:\/\/www.laboratoriobioclinic.cr\/es\/wp-json\/wp\/v2\/tags?post=1751"}],"curies":[{"name":"wp","href":"https:\/\/api.w.org\/{rel}","templated":true}]}}