{"id":674,"date":"2023-01-06T09:14:45","date_gmt":"2023-01-06T15:14:45","guid":{"rendered":"https:\/\/laboratoriobioclinic.cr\/?p=674"},"modified":"2023-01-06T09:27:55","modified_gmt":"2023-01-06T15:27:55","slug":"new-restrictions-on-travelers-to-or-from-china-to-europe-and-costa-rica","status":"publish","type":"post","link":"https:\/\/www.laboratoriobioclinic.cr\/en\/blog-en\/new-restrictions-on-travelers-to-or-from-china-to-europe-and-costa-rica\/","title":{"rendered":"New restrictions on travelers to or from China to Europe and Costa Rica"},"content":{"rendered":"<h2 class=\"p1\">In recent days, several European countries have implemented new restrictions on travelers going to or coming from China due to the ongoing COVID-19 pandemic<\/h2>\n<p class=\"p1\">These <strong>measures<\/strong> have been taken in an effort to <strong>reduce the spread<\/strong> of the virus and protect public health.<\/p>\n<p class=\"p1\">In Italy, travelers coming from China are required to undergo a 14-day quarantine upon arrival. In addition, all travelers entering the country must present a negative COVID-19 test taken within 48 hours of their departure.<\/p>\n<p class=\"p1\">France has also implemented similar measures for travelers coming from China. All such travelers are required to undergo a seven-day quarantine upon arrival and must present a negative COVID-19 test taken within 72 hours of their departure.<\/p>\n<p class=\"p1\">Germany has implemented even stricter measures for travelers coming from China. In addition to a 10-day quarantine and a negative COVID-19 test taken within 48 hours of their departure, travelers from China are required to complete a health questionnaire upon arrival in Germany.<\/p>\n<p class=\"p1\"><strong>Costa Rica<\/strong> has also implemented <strong>restrictions on travelers coming from China<\/strong>. All such travelers are required to present a negative COVID-19 test taken within 72 hours of their departure and are subject to additional health screenings upon arrival in the country.<\/p>\n<p class=\"p1\">In Costa Rica, a considerable <strong>increase in infections by COVID19<\/strong> has been detected. This is due to the lack of vaccines in the complete vaccination scheme or the relaxation of the general population. In the province of <strong>Lim\u00f3n<\/strong>, in the <strong>Talamanca<\/strong> area, a significant increase has been detected, which worries the local health authorities. It is important that if you have symptoms, <a href=\"https:\/\/laboratoriobioclinic.cr\/covid-19-es\/prueba-pcr-ant%c3%adgenos-covid-19-para-viajeros\/\">a test is performed at your nearest health center or laboratory.<\/a><\/p>\n<p class=\"p1\">These restrictions have had a significant impact on travel to and from China, as well as on the overall tourism industry. Many travelers have had to cancel or postpone their plans due to the added restrictions and uncertainty surrounding the pandemic.<\/p>\n<p class=\"p1\">In addition to the restrictions on travelers coming from China, some European countries have also implemented similar measures for travelers coming from other countries with high rates of COVID-19 transmission. For example, travelers coming from the United States are required to undergo a 14-day quarantine upon arrival in Italy.<\/p>\n<p class=\"p1\">The ongoing COVID-19 pandemic has had a major impact on travel and tourism around the world. As countries continue to grapple with the spread of the virus, it is likely that additional restrictions will be implemented in the coming months. It is important for travelers to stay informed about the latest travel restrictions and to follow any necessary guidelines to protect public health and prevent the spread of the virus.<\/p>\n<p class=\"p1\">These measures have been taken, due to the lack of transparency from the Chinese government about the number of cases and the real extent of the virus in China. This recommendation is made as a precaution and our country, Costa Rica, cannot be left behind. That is why, following the scheme of other countries both in America and Europe, it has taken <a href=\"https:\/\/www.ministeriodesalud.go.cr\/index.php\/prensa\/52-noticias-2022\/1494-prueba-covid-19-negativa-sera-requisito-de-ingreso-para-personas-procedentes-de-china-hong-kong-taiwan-macao?fbclid=IwAR12EyQGEHh3XucQwnQnVQbyOkNPuNNTfL2EfJBUGu25YLB3rWfvxumXM-g\">new measures<\/a> and they become effective January 9, 2023.<\/p>\n","protected":false},"excerpt":{"rendered":"<p>In recent days, several European countries have implemented new restrictions on travelers going to or coming from China due to the ongoing COVID-19 pandemic These measures have been taken in an effort to reduce the spread of the virus and protect public health. In Italy, travelers coming from China are required to undergo a 14-day [&hellip;]<\/p>\n","protected":false},"author":2,"featured_media":672,"comment_status":"open","ping_status":"open","sticky":false,"template":"","format":"standard","meta":{"footnotes":""},"categories":[16],"tags":[430,32,42,431,434,248,432,168,433,239],"class_list":["post-674","post","type-post","status-publish","format-standard","has-post-thumbnail","hentry","category-blog-en","tag-china","tag-covid-19","tag-limn","tag-measures","tag-new-restrictions","tag-pandemic","tag-restrictions","tag-talamanca","tag-travelers","tag-virus"],"yoast_head":"<!-- This site is optimized with the Yoast SEO plugin v27.5 - https:\/\/yoast.com\/product\/yoast-seo-wordpress\/ -->\n<title>New restrictions on travelers to or from China to Europe and Costa Rica - Laboratorio Bioclinic<\/title>\n<meta name=\"description\" content=\"In recent days, Europe and Costa Rica have implemented new restrictions on travelers from China due to the ongoing COVID-19 pandemic.\" \/>\n<meta name=\"robots\" content=\"index, follow, max-snippet:-1, max-image-preview:large, max-video-preview:-1\" \/>\n<link rel=\"canonical\" href=\"https:\/\/laboratoriobioclinic.cr\/es\/blog-en\/new-restrictions-on-travelers-to-or-from-china-to-europe-and-costa-rica\/\" \/>\n<meta property=\"og:locale\" content=\"en_US\" \/>\n<meta property=\"og:type\" content=\"article\" \/>\n<meta property=\"og:title\" content=\"New restrictions on travelers to or from China to Europe and Costa Rica - Laboratorio Bioclinic\" \/>\n<meta property=\"og:description\" content=\"In recent days, Europe and Costa Rica have implemented new restrictions on travelers from China due to the ongoing COVID-19 pandemic.\" \/>\n<meta property=\"og:url\" content=\"https:\/\/laboratoriobioclinic.cr\/es\/blog-en\/new-restrictions-on-travelers-to-or-from-china-to-europe-and-costa-rica\/\" \/>\n<meta property=\"og:site_name\" content=\"Laboratorio Bioclinic\" \/>\n<meta property=\"article:published_time\" content=\"2023-01-06T15:14:45+00:00\" \/>\n<meta property=\"article:modified_time\" content=\"2023-01-06T15:27:55+00:00\" \/>\n<meta property=\"og:image\" content=\"https:\/\/laboratoriobioclinic.cr\/wp-content\/uploads\/2023\/01\/nuevas-medidas-covid-en-costa-rica-scaled.jpg\" \/>\n\t<meta property=\"og:image:width\" content=\"2560\" \/>\n\t<meta property=\"og:image:height\" content=\"1440\" \/>\n\t<meta property=\"og:image:type\" content=\"image\/jpeg\" \/>\n<meta name=\"author\" content=\"V\u00edctor Hern\u00e1ndez\" \/>\n<meta name=\"twitter:card\" content=\"summary_large_image\" \/>\n<meta name=\"twitter:label1\" content=\"Written by\" \/>\n\t<meta name=\"twitter:data1\" content=\"V\u00edctor Hern\u00e1ndez\" \/>\n\t<meta name=\"twitter:label2\" content=\"Est. reading time\" \/>\n\t<meta name=\"twitter:data2\" content=\"3 minutes\" \/>\n<script type=\"application\/ld+json\" class=\"yoast-schema-graph\">{\"@context\":\"https:\\\/\\\/schema.org\",\"@graph\":[{\"@type\":\"Article\",\"@id\":\"https:\\\/\\\/laboratoriobioclinic.cr\\\/es\\\/blog-en\\\/new-restrictions-on-travelers-to-or-from-china-to-europe-and-costa-rica\\\/#article\",\"isPartOf\":{\"@id\":\"https:\\\/\\\/laboratoriobioclinic.cr\\\/es\\\/blog-en\\\/new-restrictions-on-travelers-to-or-from-china-to-europe-and-costa-rica\\\/\"},\"author\":{\"name\":\"V\u00edctor Hern\u00e1ndez\",\"@id\":\"https:\\\/\\\/laboratoriobioclinic.cr\\\/es\\\/#\\\/schema\\\/person\\\/22388802b822cf3b3ff7019581c95721\"},\"headline\":\"New restrictions on travelers to or from China to Europe and Costa Rica\",\"datePublished\":\"2023-01-06T15:14:45+00:00\",\"dateModified\":\"2023-01-06T15:27:55+00:00\",\"mainEntityOfPage\":{\"@id\":\"https:\\\/\\\/laboratoriobioclinic.cr\\\/es\\\/blog-en\\\/new-restrictions-on-travelers-to-or-from-china-to-europe-and-costa-rica\\\/\"},\"wordCount\":511,\"commentCount\":0,\"image\":{\"@id\":\"https:\\\/\\\/laboratoriobioclinic.cr\\\/es\\\/blog-en\\\/new-restrictions-on-travelers-to-or-from-china-to-europe-and-costa-rica\\\/#primaryimage\"},\"thumbnailUrl\":\"https:\\\/\\\/www.laboratoriobioclinic.cr\\\/wp-content\\\/uploads\\\/2023\\\/01\\\/nuevas-medidas-covid-en-costa-rica-scaled.jpg\",\"keywords\":[\"China\",\"covid 19\",\"lim\u00f3n\",\"Measures\",\"new restrictions\",\"pandemic\",\"restrictions\",\"Talamanca\",\"travelers\",\"virus\"],\"articleSection\":[\"Blog EN\"],\"inLanguage\":\"en-US\",\"potentialAction\":[{\"@type\":\"CommentAction\",\"name\":\"Comment\",\"target\":[\"https:\\\/\\\/laboratoriobioclinic.cr\\\/es\\\/blog-en\\\/new-restrictions-on-travelers-to-or-from-china-to-europe-and-costa-rica\\\/#respond\"]}]},{\"@type\":\"WebPage\",\"@id\":\"https:\\\/\\\/laboratoriobioclinic.cr\\\/es\\\/blog-en\\\/new-restrictions-on-travelers-to-or-from-china-to-europe-and-costa-rica\\\/\",\"url\":\"https:\\\/\\\/laboratoriobioclinic.cr\\\/es\\\/blog-en\\\/new-restrictions-on-travelers-to-or-from-china-to-europe-and-costa-rica\\\/\",\"name\":\"New restrictions on travelers to or from China to Europe and Costa Rica - Laboratorio Bioclinic\",\"isPartOf\":{\"@id\":\"https:\\\/\\\/laboratoriobioclinic.cr\\\/es\\\/#website\"},\"primaryImageOfPage\":{\"@id\":\"https:\\\/\\\/laboratoriobioclinic.cr\\\/es\\\/blog-en\\\/new-restrictions-on-travelers-to-or-from-china-to-europe-and-costa-rica\\\/#primaryimage\"},\"image\":{\"@id\":\"https:\\\/\\\/laboratoriobioclinic.cr\\\/es\\\/blog-en\\\/new-restrictions-on-travelers-to-or-from-china-to-europe-and-costa-rica\\\/#primaryimage\"},\"thumbnailUrl\":\"https:\\\/\\\/www.laboratoriobioclinic.cr\\\/wp-content\\\/uploads\\\/2023\\\/01\\\/nuevas-medidas-covid-en-costa-rica-scaled.jpg\",\"datePublished\":\"2023-01-06T15:14:45+00:00\",\"dateModified\":\"2023-01-06T15:27:55+00:00\",\"author\":{\"@id\":\"https:\\\/\\\/laboratoriobioclinic.cr\\\/es\\\/#\\\/schema\\\/person\\\/22388802b822cf3b3ff7019581c95721\"},\"description\":\"In recent days, Europe and Costa Rica have implemented new restrictions on travelers from China due to the ongoing COVID-19 pandemic.\",\"inLanguage\":\"en-US\",\"potentialAction\":[{\"@type\":\"ReadAction\",\"target\":[\"https:\\\/\\\/laboratoriobioclinic.cr\\\/es\\\/blog-en\\\/new-restrictions-on-travelers-to-or-from-china-to-europe-and-costa-rica\\\/\"]}]},{\"@type\":\"ImageObject\",\"inLanguage\":\"en-US\",\"@id\":\"https:\\\/\\\/laboratoriobioclinic.cr\\\/es\\\/blog-en\\\/new-restrictions-on-travelers-to-or-from-china-to-europe-and-costa-rica\\\/#primaryimage\",\"url\":\"https:\\\/\\\/www.laboratoriobioclinic.cr\\\/wp-content\\\/uploads\\\/2023\\\/01\\\/nuevas-medidas-covid-en-costa-rica-scaled.jpg\",\"contentUrl\":\"https:\\\/\\\/www.laboratoriobioclinic.cr\\\/wp-content\\\/uploads\\\/2023\\\/01\\\/nuevas-medidas-covid-en-costa-rica-scaled.jpg\",\"width\":2560,\"height\":1440,\"caption\":\"Nuevas medidas en fronteras frente al COVID 19\"},{\"@type\":\"WebSite\",\"@id\":\"https:\\\/\\\/laboratoriobioclinic.cr\\\/es\\\/#website\",\"url\":\"https:\\\/\\\/laboratoriobioclinic.cr\\\/es\\\/\",\"name\":\"Laboratorio Bioclinic\",\"description\":\"An\u00e1lisis cl\u00ednicos | Puerto Viejo | Lim\u00f3n\",\"potentialAction\":[{\"@type\":\"SearchAction\",\"target\":{\"@type\":\"EntryPoint\",\"urlTemplate\":\"https:\\\/\\\/laboratoriobioclinic.cr\\\/es\\\/?s={search_term_string}\"},\"query-input\":{\"@type\":\"PropertyValueSpecification\",\"valueRequired\":true,\"valueName\":\"search_term_string\"}}],\"inLanguage\":\"en-US\"},{\"@type\":\"Person\",\"@id\":\"https:\\\/\\\/laboratoriobioclinic.cr\\\/es\\\/#\\\/schema\\\/person\\\/22388802b822cf3b3ff7019581c95721\",\"name\":\"V\u00edctor Hern\u00e1ndez\",\"image\":{\"@type\":\"ImageObject\",\"inLanguage\":\"en-US\",\"@id\":\"https:\\\/\\\/secure.gravatar.com\\\/avatar\\\/df86c8d5b329d3be6dc959b83558672fb6ce1002eb345c198ef5458738b7ce88?s=96&d=mm&r=g\",\"url\":\"https:\\\/\\\/secure.gravatar.com\\\/avatar\\\/df86c8d5b329d3be6dc959b83558672fb6ce1002eb345c198ef5458738b7ce88?s=96&d=mm&r=g\",\"contentUrl\":\"https:\\\/\\\/secure.gravatar.com\\\/avatar\\\/df86c8d5b329d3be6dc959b83558672fb6ce1002eb345c198ef5458738b7ce88?s=96&d=mm&r=g\",\"caption\":\"V\u00edctor Hern\u00e1ndez\"},\"url\":\"https:\\\/\\\/www.laboratoriobioclinic.cr\\\/en\\\/author\\\/victor\\\/\"}]}<\/script>\n<!-- \/ Yoast SEO plugin. -->","yoast_head_json":{"title":"New restrictions on travelers to or from China to Europe and Costa Rica - Laboratorio Bioclinic","description":"In recent days, Europe and Costa Rica have implemented new restrictions on travelers from China due to the ongoing COVID-19 pandemic.","robots":{"index":"index","follow":"follow","max-snippet":"max-snippet:-1","max-image-preview":"max-image-preview:large","max-video-preview":"max-video-preview:-1"},"canonical":"https:\/\/laboratoriobioclinic.cr\/es\/blog-en\/new-restrictions-on-travelers-to-or-from-china-to-europe-and-costa-rica\/","og_locale":"en_US","og_type":"article","og_title":"New restrictions on travelers to or from China to Europe and Costa Rica - Laboratorio Bioclinic","og_description":"In recent days, Europe and Costa Rica have implemented new restrictions on travelers from China due to the ongoing COVID-19 pandemic.","og_url":"https:\/\/laboratoriobioclinic.cr\/es\/blog-en\/new-restrictions-on-travelers-to-or-from-china-to-europe-and-costa-rica\/","og_site_name":"Laboratorio Bioclinic","article_published_time":"2023-01-06T15:14:45+00:00","article_modified_time":"2023-01-06T15:27:55+00:00","og_image":[{"width":2560,"height":1440,"url":"https:\/\/laboratoriobioclinic.cr\/wp-content\/uploads\/2023\/01\/nuevas-medidas-covid-en-costa-rica-scaled.jpg","type":"image\/jpeg"}],"author":"V\u00edctor Hern\u00e1ndez","twitter_card":"summary_large_image","twitter_misc":{"Written by":"V\u00edctor Hern\u00e1ndez","Est. reading time":"3 minutes"},"schema":{"@context":"https:\/\/schema.org","@graph":[{"@type":"Article","@id":"https:\/\/laboratoriobioclinic.cr\/es\/blog-en\/new-restrictions-on-travelers-to-or-from-china-to-europe-and-costa-rica\/#article","isPartOf":{"@id":"https:\/\/laboratoriobioclinic.cr\/es\/blog-en\/new-restrictions-on-travelers-to-or-from-china-to-europe-and-costa-rica\/"},"author":{"name":"V\u00edctor Hern\u00e1ndez","@id":"https:\/\/laboratoriobioclinic.cr\/es\/#\/schema\/person\/22388802b822cf3b3ff7019581c95721"},"headline":"New restrictions on travelers to or from China to Europe and Costa Rica","datePublished":"2023-01-06T15:14:45+00:00","dateModified":"2023-01-06T15:27:55+00:00","mainEntityOfPage":{"@id":"https:\/\/laboratoriobioclinic.cr\/es\/blog-en\/new-restrictions-on-travelers-to-or-from-china-to-europe-and-costa-rica\/"},"wordCount":511,"commentCount":0,"image":{"@id":"https:\/\/laboratoriobioclinic.cr\/es\/blog-en\/new-restrictions-on-travelers-to-or-from-china-to-europe-and-costa-rica\/#primaryimage"},"thumbnailUrl":"https:\/\/www.laboratoriobioclinic.cr\/wp-content\/uploads\/2023\/01\/nuevas-medidas-covid-en-costa-rica-scaled.jpg","keywords":["China","covid 19","lim\u00f3n","Measures","new restrictions","pandemic","restrictions","Talamanca","travelers","virus"],"articleSection":["Blog EN"],"inLanguage":"en-US","potentialAction":[{"@type":"CommentAction","name":"Comment","target":["https:\/\/laboratoriobioclinic.cr\/es\/blog-en\/new-restrictions-on-travelers-to-or-from-china-to-europe-and-costa-rica\/#respond"]}]},{"@type":"WebPage","@id":"https:\/\/laboratoriobioclinic.cr\/es\/blog-en\/new-restrictions-on-travelers-to-or-from-china-to-europe-and-costa-rica\/","url":"https:\/\/laboratoriobioclinic.cr\/es\/blog-en\/new-restrictions-on-travelers-to-or-from-china-to-europe-and-costa-rica\/","name":"New restrictions on travelers to or from China to Europe and Costa Rica - Laboratorio Bioclinic","isPartOf":{"@id":"https:\/\/laboratoriobioclinic.cr\/es\/#website"},"primaryImageOfPage":{"@id":"https:\/\/laboratoriobioclinic.cr\/es\/blog-en\/new-restrictions-on-travelers-to-or-from-china-to-europe-and-costa-rica\/#primaryimage"},"image":{"@id":"https:\/\/laboratoriobioclinic.cr\/es\/blog-en\/new-restrictions-on-travelers-to-or-from-china-to-europe-and-costa-rica\/#primaryimage"},"thumbnailUrl":"https:\/\/www.laboratoriobioclinic.cr\/wp-content\/uploads\/2023\/01\/nuevas-medidas-covid-en-costa-rica-scaled.jpg","datePublished":"2023-01-06T15:14:45+00:00","dateModified":"2023-01-06T15:27:55+00:00","author":{"@id":"https:\/\/laboratoriobioclinic.cr\/es\/#\/schema\/person\/22388802b822cf3b3ff7019581c95721"},"description":"In recent days, Europe and Costa Rica have implemented new restrictions on travelers from China due to the ongoing COVID-19 pandemic.","inLanguage":"en-US","potentialAction":[{"@type":"ReadAction","target":["https:\/\/laboratoriobioclinic.cr\/es\/blog-en\/new-restrictions-on-travelers-to-or-from-china-to-europe-and-costa-rica\/"]}]},{"@type":"ImageObject","inLanguage":"en-US","@id":"https:\/\/laboratoriobioclinic.cr\/es\/blog-en\/new-restrictions-on-travelers-to-or-from-china-to-europe-and-costa-rica\/#primaryimage","url":"https:\/\/www.laboratoriobioclinic.cr\/wp-content\/uploads\/2023\/01\/nuevas-medidas-covid-en-costa-rica-scaled.jpg","contentUrl":"https:\/\/www.laboratoriobioclinic.cr\/wp-content\/uploads\/2023\/01\/nuevas-medidas-covid-en-costa-rica-scaled.jpg","width":2560,"height":1440,"caption":"Nuevas medidas en fronteras frente al COVID 19"},{"@type":"WebSite","@id":"https:\/\/laboratoriobioclinic.cr\/es\/#website","url":"https:\/\/laboratoriobioclinic.cr\/es\/","name":"Laboratorio Bioclinic","description":"An\u00e1lisis cl\u00ednicos | Puerto Viejo | Lim\u00f3n","potentialAction":[{"@type":"SearchAction","target":{"@type":"EntryPoint","urlTemplate":"https:\/\/laboratoriobioclinic.cr\/es\/?s={search_term_string}"},"query-input":{"@type":"PropertyValueSpecification","valueRequired":true,"valueName":"search_term_string"}}],"inLanguage":"en-US"},{"@type":"Person","@id":"https:\/\/laboratoriobioclinic.cr\/es\/#\/schema\/person\/22388802b822cf3b3ff7019581c95721","name":"V\u00edctor Hern\u00e1ndez","image":{"@type":"ImageObject","inLanguage":"en-US","@id":"https:\/\/secure.gravatar.com\/avatar\/df86c8d5b329d3be6dc959b83558672fb6ce1002eb345c198ef5458738b7ce88?s=96&d=mm&r=g","url":"https:\/\/secure.gravatar.com\/avatar\/df86c8d5b329d3be6dc959b83558672fb6ce1002eb345c198ef5458738b7ce88?s=96&d=mm&r=g","contentUrl":"https:\/\/secure.gravatar.com\/avatar\/df86c8d5b329d3be6dc959b83558672fb6ce1002eb345c198ef5458738b7ce88?s=96&d=mm&r=g","caption":"V\u00edctor Hern\u00e1ndez"},"url":"https:\/\/www.laboratoriobioclinic.cr\/en\/author\/victor\/"}]}},"_links":{"self":[{"href":"https:\/\/www.laboratoriobioclinic.cr\/en\/wp-json\/wp\/v2\/posts\/674","targetHints":{"allow":["GET"]}}],"collection":[{"href":"https:\/\/www.laboratoriobioclinic.cr\/en\/wp-json\/wp\/v2\/posts"}],"about":[{"href":"https:\/\/www.laboratoriobioclinic.cr\/en\/wp-json\/wp\/v2\/types\/post"}],"author":[{"embeddable":true,"href":"https:\/\/www.laboratoriobioclinic.cr\/en\/wp-json\/wp\/v2\/users\/2"}],"replies":[{"embeddable":true,"href":"https:\/\/www.laboratoriobioclinic.cr\/en\/wp-json\/wp\/v2\/comments?post=674"}],"version-history":[{"count":3,"href":"https:\/\/www.laboratoriobioclinic.cr\/en\/wp-json\/wp\/v2\/posts\/674\/revisions"}],"predecessor-version":[{"id":679,"href":"https:\/\/www.laboratoriobioclinic.cr\/en\/wp-json\/wp\/v2\/posts\/674\/revisions\/679"}],"wp:featuredmedia":[{"embeddable":true,"href":"https:\/\/www.laboratoriobioclinic.cr\/en\/wp-json\/wp\/v2\/media\/672"}],"wp:attachment":[{"href":"https:\/\/www.laboratoriobioclinic.cr\/en\/wp-json\/wp\/v2\/media?parent=674"}],"wp:term":[{"taxonomy":"category","embeddable":true,"href":"https:\/\/www.laboratoriobioclinic.cr\/en\/wp-json\/wp\/v2\/categories?post=674"},{"taxonomy":"post_tag","embeddable":true,"href":"https:\/\/www.laboratoriobioclinic.cr\/en\/wp-json\/wp\/v2\/tags?post=674"}],"curies":[{"name":"wp","href":"https:\/\/api.w.org\/{rel}","templated":true}]}}