{"id":671,"date":"2023-01-06T09:08:42","date_gmt":"2023-01-06T15:08:42","guid":{"rendered":"https:\/\/laboratoriobioclinic.cr\/?p=671"},"modified":"2023-01-06T09:27:20","modified_gmt":"2023-01-06T15:27:20","slug":"nuevas-restricciones-a-viajeros-con-destino-o-procedencia-de-china-a-europa-y-costa-rica","status":"publish","type":"post","link":"https:\/\/www.laboratoriobioclinic.cr\/en\/blog-es\/nuevas-restricciones-a-viajeros-con-destino-o-procedencia-de-china-a-europa-y-costa-rica\/","title":{"rendered":"Nuevas restricciones a viajeros con destino o procedencia de China a Europa y Costa Rica"},"content":{"rendered":"<h2 class=\"p1\">En los \u00faltimos d\u00edas, varios pa\u00edses europeos han implementado nuevas restricciones a los viajeros que van o vienen de China debido a la actual pandemia de COVID-19<\/h2>\n<p class=\"p1\">Estas medidas se han tomado en un esfuerzo por reducir la propagaci\u00f3n del virus y proteger la salud p\u00fablica.<\/p>\n<p class=\"p1\">En Italia, los viajeros procedentes de China deben someterse a una cuarentena de 14 d\u00edas a su llegada. Adem\u00e1s, todos los viajeros que ingresen al pa\u00eds deben presentar una prueba de COVID 19 negativa tomada dentro de las 48 horas posteriores a su salida.<\/p>\n<p class=\"p1\">Francia tambi\u00e9n ha implementado medidas similares para los viajeros provenientes de China. Todos estos viajeros deben someterse a una cuarentena de siete d\u00edas a su llegada y deben presentar una prueba de COVID-19 negativa realizada dentro de las 72 horas anteriores a su salida.<\/p>\n<p class=\"p1\">Alemania ha implementado medidas a\u00fan m\u00e1s estrictas para los viajeros provenientes de China. Adem\u00e1s de una cuarentena de 10 d\u00edas y una prueba COVID 19 negativa tomada dentro de las 48 horas posteriores a su salida, los viajeros de China deben completar un cuestionario de salud al llegar a Alemania.<\/p>\n<p class=\"p1\"><strong>Costa Rica<\/strong> tambi\u00e9n ha implementado <strong>restricciones a los viajeros provenientes de China<\/strong>. Todos estos viajeros deben presentar una prueba de COVID 19 negativa realizada dentro de las 72 horas previas a su salida y est\u00e1n sujetos a ex\u00e1menes de salud adicionales al llegar al pa\u00eds.<\/p>\n<p class=\"p1\">En Costa Rica se ha detectado un <strong>aumento considerado<\/strong> en contagios por COVID 19. Esto debido a la falta de vacunaci\u00f3n del esquema completo o por la relajaci\u00f3n de la poblaci\u00f3n en general. En la provincia de Lim\u00f3n, zona Talamanca se ha detectado un aumento significativo, lo cual preocupa a las autoridades sanitarias locales. Es importante el que si usted tiene s\u00edntomas, se <a href=\"https:\/\/laboratoriobioclinic.cr\/covid-19-es\/prueba-pcr-ant%c3%adgenos-covid-19-para-viajeros\/\"><strong>realice una prueba<\/strong> en su centro de salud o laboratorio m\u00e1s cercano.<\/a><\/p>\n<p class=\"p1\">Estas restricciones han tenido un impacto significativo en los viajes hacia y desde China, as\u00ed como en la industria tur\u00edstica en general. Muchos viajeros han tenido que cancelar o posponer sus planes debido a las restricciones adicionales y la incertidumbre que rodea a la pandemia.<\/p>\n<p class=\"p1\">Adem\u00e1s de las restricciones a los viajeros provenientes de China, algunos pa\u00edses europeos tambi\u00e9n han implementado medidas similares para los viajeros provenientes de otros pa\u00edses con altas tasas de transmisi\u00f3n de COVID 19. Por ejemplo, los viajeros que vienen de los Estados Unidos deben someterse a una cuarentena de 14 d\u00edas al llegar a Italia.<\/p>\n<p class=\"p1\">La actual pandemia de COVID 19 ha tenido un gran impacto en los viajes y el turismo en todo el mundo. A medida que los pa\u00edses contin\u00faan lidiando con la propagaci\u00f3n del virus, es probable que se implementan restricciones adicionales en los pr\u00f3ximos meses. Es importante que los viajeros se mantengan informados sobre las \u00faltimas restricciones de viaje y sigan las pautas necesarias para proteger la salud p\u00fablica y prevenir la propagaci\u00f3n del virus.<\/p>\n<p>Estas medidas se han tomado, debido a la <strong>falta de transparencia<\/strong> del gobierno chino sobre la cantidad de casos y el alcance real del virus en China. Esta recomendaci\u00f3n se realiza como precauci\u00f3n y nuestro pa\u00eds, Costa Rica, no puede quedarse atr\u00e1s. Es por ello que siguiendo el esquema de otros pa\u00edses tanto en Am\u00e9rica como Europa, ha tomado <a href=\"https:\/\/www.ministeriodesalud.go.cr\/index.php\/prensa\/52-noticias-2022\/1494-prueba-covid-19-negativa-sera-requisito-de-ingreso-para-personas-procedentes-de-china-hong-kong-taiwan-macao?fbclid=IwAR12EyQGEHh3XucQwnQnVQbyOkNPuNNTfL2EfJBUGu25YLB3rWfvxumXM-g\">nuevas medidas<\/a> y que se hacen efectivas a partir del 9 de enero 2023.<\/p>\n","protected":false},"excerpt":{"rendered":"<p>En los \u00faltimos d\u00edas, varios pa\u00edses europeos han implementado nuevas restricciones a los viajeros que van o vienen de China debido a la actual pandemia de COVID-19 Estas medidas se han tomado en un esfuerzo por reducir la propagaci\u00f3n del virus y proteger la salud p\u00fablica. En Italia, los viajeros procedentes de China deben someterse [&hellip;]<\/p>\n","protected":false},"author":2,"featured_media":672,"comment_status":"open","ping_status":"open","sticky":false,"template":"","format":"standard","meta":{"footnotes":""},"categories":[15],"tags":[429,430,43,32,427,428,42,426,168],"class_list":["post-671","post","type-post","status-publish","format-standard","has-post-thumbnail","hentry","category-blog-es","tag-alemania","tag-china","tag-costa-rica","tag-covid-19","tag-europa","tag-italia","tag-limn","tag-restricciones","tag-talamanca"],"yoast_head":"<!-- This site is optimized with the Yoast SEO plugin v27.5 - https:\/\/yoast.com\/product\/yoast-seo-wordpress\/ -->\n<title>Restricciones a viajeros de China hacia Europa y Costa Rica - Laboratorio Bioclinic<\/title>\n<meta name=\"description\" content=\"En los \u00faltimos d\u00edas, Europa han implementado nuevas restricciones a viajeros que van o vienen de China debido a la actual pandemia de COVID-19\" \/>\n<meta name=\"robots\" content=\"index, follow, max-snippet:-1, max-image-preview:large, max-video-preview:-1\" \/>\n<link rel=\"canonical\" href=\"https:\/\/www.laboratoriobioclinic.cr\/en\/blog-es\/nuevas-restricciones-a-viajeros-con-destino-o-procedencia-de-china-a-europa-y-costa-rica\/\" \/>\n<meta property=\"og:locale\" content=\"en_US\" \/>\n<meta property=\"og:type\" content=\"article\" \/>\n<meta property=\"og:title\" content=\"Restricciones a viajeros de China hacia Europa y Costa Rica - Laboratorio Bioclinic\" \/>\n<meta property=\"og:description\" content=\"En los \u00faltimos d\u00edas, Europa han implementado nuevas restricciones a viajeros que van o vienen de China debido a la actual pandemia de COVID-19\" \/>\n<meta property=\"og:url\" content=\"https:\/\/www.laboratoriobioclinic.cr\/en\/blog-es\/nuevas-restricciones-a-viajeros-con-destino-o-procedencia-de-china-a-europa-y-costa-rica\/\" \/>\n<meta property=\"og:site_name\" content=\"Laboratorio Bioclinic\" \/>\n<meta property=\"article:published_time\" content=\"2023-01-06T15:08:42+00:00\" \/>\n<meta property=\"article:modified_time\" content=\"2023-01-06T15:27:20+00:00\" \/>\n<meta property=\"og:image\" content=\"https:\/\/www.laboratoriobioclinic.cr\/wp-content\/uploads\/2023\/01\/nuevas-medidas-covid-en-costa-rica-scaled.jpg\" \/>\n\t<meta property=\"og:image:width\" content=\"2560\" \/>\n\t<meta property=\"og:image:height\" content=\"1440\" \/>\n\t<meta property=\"og:image:type\" content=\"image\/jpeg\" \/>\n<meta name=\"author\" content=\"V\u00edctor Hern\u00e1ndez\" \/>\n<meta name=\"twitter:card\" content=\"summary_large_image\" \/>\n<meta name=\"twitter:label1\" content=\"Written by\" \/>\n\t<meta name=\"twitter:data1\" content=\"V\u00edctor Hern\u00e1ndez\" \/>\n\t<meta name=\"twitter:label2\" content=\"Est. reading time\" \/>\n\t<meta name=\"twitter:data2\" content=\"3 minutes\" \/>\n<script type=\"application\/ld+json\" class=\"yoast-schema-graph\">{\"@context\":\"https:\\\/\\\/schema.org\",\"@graph\":[{\"@type\":\"Article\",\"@id\":\"https:\\\/\\\/www.laboratoriobioclinic.cr\\\/en\\\/blog-es\\\/nuevas-restricciones-a-viajeros-con-destino-o-procedencia-de-china-a-europa-y-costa-rica\\\/#article\",\"isPartOf\":{\"@id\":\"https:\\\/\\\/www.laboratoriobioclinic.cr\\\/en\\\/blog-es\\\/nuevas-restricciones-a-viajeros-con-destino-o-procedencia-de-china-a-europa-y-costa-rica\\\/\"},\"author\":{\"name\":\"V\u00edctor Hern\u00e1ndez\",\"@id\":\"https:\\\/\\\/laboratoriobioclinic.cr\\\/es\\\/#\\\/schema\\\/person\\\/22388802b822cf3b3ff7019581c95721\"},\"headline\":\"Nuevas restricciones a viajeros con destino o procedencia de China a Europa y Costa Rica\",\"datePublished\":\"2023-01-06T15:08:42+00:00\",\"dateModified\":\"2023-01-06T15:27:20+00:00\",\"mainEntityOfPage\":{\"@id\":\"https:\\\/\\\/www.laboratoriobioclinic.cr\\\/en\\\/blog-es\\\/nuevas-restricciones-a-viajeros-con-destino-o-procedencia-de-china-a-europa-y-costa-rica\\\/\"},\"wordCount\":593,\"commentCount\":0,\"image\":{\"@id\":\"https:\\\/\\\/www.laboratoriobioclinic.cr\\\/en\\\/blog-es\\\/nuevas-restricciones-a-viajeros-con-destino-o-procedencia-de-china-a-europa-y-costa-rica\\\/#primaryimage\"},\"thumbnailUrl\":\"https:\\\/\\\/www.laboratoriobioclinic.cr\\\/wp-content\\\/uploads\\\/2023\\\/01\\\/nuevas-medidas-covid-en-costa-rica-scaled.jpg\",\"keywords\":[\"Alemania\",\"China\",\"costa rica\",\"covid 19\",\"Europa\",\"Italia\",\"lim\u00f3n\",\"restricciones\",\"Talamanca\"],\"articleSection\":[\"Blog ES\"],\"inLanguage\":\"en-US\",\"potentialAction\":[{\"@type\":\"CommentAction\",\"name\":\"Comment\",\"target\":[\"https:\\\/\\\/www.laboratoriobioclinic.cr\\\/en\\\/blog-es\\\/nuevas-restricciones-a-viajeros-con-destino-o-procedencia-de-china-a-europa-y-costa-rica\\\/#respond\"]}]},{\"@type\":\"WebPage\",\"@id\":\"https:\\\/\\\/www.laboratoriobioclinic.cr\\\/en\\\/blog-es\\\/nuevas-restricciones-a-viajeros-con-destino-o-procedencia-de-china-a-europa-y-costa-rica\\\/\",\"url\":\"https:\\\/\\\/www.laboratoriobioclinic.cr\\\/en\\\/blog-es\\\/nuevas-restricciones-a-viajeros-con-destino-o-procedencia-de-china-a-europa-y-costa-rica\\\/\",\"name\":\"Restricciones a viajeros de China hacia Europa y Costa Rica - Laboratorio Bioclinic\",\"isPartOf\":{\"@id\":\"https:\\\/\\\/laboratoriobioclinic.cr\\\/es\\\/#website\"},\"primaryImageOfPage\":{\"@id\":\"https:\\\/\\\/www.laboratoriobioclinic.cr\\\/en\\\/blog-es\\\/nuevas-restricciones-a-viajeros-con-destino-o-procedencia-de-china-a-europa-y-costa-rica\\\/#primaryimage\"},\"image\":{\"@id\":\"https:\\\/\\\/www.laboratoriobioclinic.cr\\\/en\\\/blog-es\\\/nuevas-restricciones-a-viajeros-con-destino-o-procedencia-de-china-a-europa-y-costa-rica\\\/#primaryimage\"},\"thumbnailUrl\":\"https:\\\/\\\/www.laboratoriobioclinic.cr\\\/wp-content\\\/uploads\\\/2023\\\/01\\\/nuevas-medidas-covid-en-costa-rica-scaled.jpg\",\"datePublished\":\"2023-01-06T15:08:42+00:00\",\"dateModified\":\"2023-01-06T15:27:20+00:00\",\"author\":{\"@id\":\"https:\\\/\\\/laboratoriobioclinic.cr\\\/es\\\/#\\\/schema\\\/person\\\/22388802b822cf3b3ff7019581c95721\"},\"description\":\"En los \u00faltimos d\u00edas, Europa han implementado nuevas restricciones a viajeros que van o vienen de China debido a la actual pandemia de COVID-19\",\"inLanguage\":\"en-US\",\"potentialAction\":[{\"@type\":\"ReadAction\",\"target\":[\"https:\\\/\\\/www.laboratoriobioclinic.cr\\\/en\\\/blog-es\\\/nuevas-restricciones-a-viajeros-con-destino-o-procedencia-de-china-a-europa-y-costa-rica\\\/\"]}]},{\"@type\":\"ImageObject\",\"inLanguage\":\"en-US\",\"@id\":\"https:\\\/\\\/www.laboratoriobioclinic.cr\\\/en\\\/blog-es\\\/nuevas-restricciones-a-viajeros-con-destino-o-procedencia-de-china-a-europa-y-costa-rica\\\/#primaryimage\",\"url\":\"https:\\\/\\\/www.laboratoriobioclinic.cr\\\/wp-content\\\/uploads\\\/2023\\\/01\\\/nuevas-medidas-covid-en-costa-rica-scaled.jpg\",\"contentUrl\":\"https:\\\/\\\/www.laboratoriobioclinic.cr\\\/wp-content\\\/uploads\\\/2023\\\/01\\\/nuevas-medidas-covid-en-costa-rica-scaled.jpg\",\"width\":2560,\"height\":1440,\"caption\":\"Nuevas medidas en fronteras frente al COVID 19\"},{\"@type\":\"WebSite\",\"@id\":\"https:\\\/\\\/laboratoriobioclinic.cr\\\/es\\\/#website\",\"url\":\"https:\\\/\\\/laboratoriobioclinic.cr\\\/es\\\/\",\"name\":\"Laboratorio Bioclinic\",\"description\":\"An\u00e1lisis cl\u00ednicos | Puerto Viejo | Lim\u00f3n\",\"potentialAction\":[{\"@type\":\"SearchAction\",\"target\":{\"@type\":\"EntryPoint\",\"urlTemplate\":\"https:\\\/\\\/laboratoriobioclinic.cr\\\/es\\\/?s={search_term_string}\"},\"query-input\":{\"@type\":\"PropertyValueSpecification\",\"valueRequired\":true,\"valueName\":\"search_term_string\"}}],\"inLanguage\":\"en-US\"},{\"@type\":\"Person\",\"@id\":\"https:\\\/\\\/laboratoriobioclinic.cr\\\/es\\\/#\\\/schema\\\/person\\\/22388802b822cf3b3ff7019581c95721\",\"name\":\"V\u00edctor Hern\u00e1ndez\",\"image\":{\"@type\":\"ImageObject\",\"inLanguage\":\"en-US\",\"@id\":\"https:\\\/\\\/secure.gravatar.com\\\/avatar\\\/df86c8d5b329d3be6dc959b83558672fb6ce1002eb345c198ef5458738b7ce88?s=96&d=mm&r=g\",\"url\":\"https:\\\/\\\/secure.gravatar.com\\\/avatar\\\/df86c8d5b329d3be6dc959b83558672fb6ce1002eb345c198ef5458738b7ce88?s=96&d=mm&r=g\",\"contentUrl\":\"https:\\\/\\\/secure.gravatar.com\\\/avatar\\\/df86c8d5b329d3be6dc959b83558672fb6ce1002eb345c198ef5458738b7ce88?s=96&d=mm&r=g\",\"caption\":\"V\u00edctor Hern\u00e1ndez\"},\"url\":\"https:\\\/\\\/www.laboratoriobioclinic.cr\\\/en\\\/author\\\/victor\\\/\"}]}<\/script>\n<!-- \/ Yoast SEO plugin. -->","yoast_head_json":{"title":"Restricciones a viajeros de China hacia Europa y Costa Rica - Laboratorio Bioclinic","description":"En los \u00faltimos d\u00edas, Europa han implementado nuevas restricciones a viajeros que van o vienen de China debido a la actual pandemia de COVID-19","robots":{"index":"index","follow":"follow","max-snippet":"max-snippet:-1","max-image-preview":"max-image-preview:large","max-video-preview":"max-video-preview:-1"},"canonical":"https:\/\/www.laboratoriobioclinic.cr\/en\/blog-es\/nuevas-restricciones-a-viajeros-con-destino-o-procedencia-de-china-a-europa-y-costa-rica\/","og_locale":"en_US","og_type":"article","og_title":"Restricciones a viajeros de China hacia Europa y Costa Rica - Laboratorio Bioclinic","og_description":"En los \u00faltimos d\u00edas, Europa han implementado nuevas restricciones a viajeros que van o vienen de China debido a la actual pandemia de COVID-19","og_url":"https:\/\/www.laboratoriobioclinic.cr\/en\/blog-es\/nuevas-restricciones-a-viajeros-con-destino-o-procedencia-de-china-a-europa-y-costa-rica\/","og_site_name":"Laboratorio Bioclinic","article_published_time":"2023-01-06T15:08:42+00:00","article_modified_time":"2023-01-06T15:27:20+00:00","og_image":[{"width":2560,"height":1440,"url":"https:\/\/www.laboratoriobioclinic.cr\/wp-content\/uploads\/2023\/01\/nuevas-medidas-covid-en-costa-rica-scaled.jpg","type":"image\/jpeg"}],"author":"V\u00edctor Hern\u00e1ndez","twitter_card":"summary_large_image","twitter_misc":{"Written by":"V\u00edctor Hern\u00e1ndez","Est. reading time":"3 minutes"},"schema":{"@context":"https:\/\/schema.org","@graph":[{"@type":"Article","@id":"https:\/\/www.laboratoriobioclinic.cr\/en\/blog-es\/nuevas-restricciones-a-viajeros-con-destino-o-procedencia-de-china-a-europa-y-costa-rica\/#article","isPartOf":{"@id":"https:\/\/www.laboratoriobioclinic.cr\/en\/blog-es\/nuevas-restricciones-a-viajeros-con-destino-o-procedencia-de-china-a-europa-y-costa-rica\/"},"author":{"name":"V\u00edctor Hern\u00e1ndez","@id":"https:\/\/laboratoriobioclinic.cr\/es\/#\/schema\/person\/22388802b822cf3b3ff7019581c95721"},"headline":"Nuevas restricciones a viajeros con destino o procedencia de China a Europa y Costa Rica","datePublished":"2023-01-06T15:08:42+00:00","dateModified":"2023-01-06T15:27:20+00:00","mainEntityOfPage":{"@id":"https:\/\/www.laboratoriobioclinic.cr\/en\/blog-es\/nuevas-restricciones-a-viajeros-con-destino-o-procedencia-de-china-a-europa-y-costa-rica\/"},"wordCount":593,"commentCount":0,"image":{"@id":"https:\/\/www.laboratoriobioclinic.cr\/en\/blog-es\/nuevas-restricciones-a-viajeros-con-destino-o-procedencia-de-china-a-europa-y-costa-rica\/#primaryimage"},"thumbnailUrl":"https:\/\/www.laboratoriobioclinic.cr\/wp-content\/uploads\/2023\/01\/nuevas-medidas-covid-en-costa-rica-scaled.jpg","keywords":["Alemania","China","costa rica","covid 19","Europa","Italia","lim\u00f3n","restricciones","Talamanca"],"articleSection":["Blog ES"],"inLanguage":"en-US","potentialAction":[{"@type":"CommentAction","name":"Comment","target":["https:\/\/www.laboratoriobioclinic.cr\/en\/blog-es\/nuevas-restricciones-a-viajeros-con-destino-o-procedencia-de-china-a-europa-y-costa-rica\/#respond"]}]},{"@type":"WebPage","@id":"https:\/\/www.laboratoriobioclinic.cr\/en\/blog-es\/nuevas-restricciones-a-viajeros-con-destino-o-procedencia-de-china-a-europa-y-costa-rica\/","url":"https:\/\/www.laboratoriobioclinic.cr\/en\/blog-es\/nuevas-restricciones-a-viajeros-con-destino-o-procedencia-de-china-a-europa-y-costa-rica\/","name":"Restricciones a viajeros de China hacia Europa y Costa Rica - Laboratorio Bioclinic","isPartOf":{"@id":"https:\/\/laboratoriobioclinic.cr\/es\/#website"},"primaryImageOfPage":{"@id":"https:\/\/www.laboratoriobioclinic.cr\/en\/blog-es\/nuevas-restricciones-a-viajeros-con-destino-o-procedencia-de-china-a-europa-y-costa-rica\/#primaryimage"},"image":{"@id":"https:\/\/www.laboratoriobioclinic.cr\/en\/blog-es\/nuevas-restricciones-a-viajeros-con-destino-o-procedencia-de-china-a-europa-y-costa-rica\/#primaryimage"},"thumbnailUrl":"https:\/\/www.laboratoriobioclinic.cr\/wp-content\/uploads\/2023\/01\/nuevas-medidas-covid-en-costa-rica-scaled.jpg","datePublished":"2023-01-06T15:08:42+00:00","dateModified":"2023-01-06T15:27:20+00:00","author":{"@id":"https:\/\/laboratoriobioclinic.cr\/es\/#\/schema\/person\/22388802b822cf3b3ff7019581c95721"},"description":"En los \u00faltimos d\u00edas, Europa han implementado nuevas restricciones a viajeros que van o vienen de China debido a la actual pandemia de COVID-19","inLanguage":"en-US","potentialAction":[{"@type":"ReadAction","target":["https:\/\/www.laboratoriobioclinic.cr\/en\/blog-es\/nuevas-restricciones-a-viajeros-con-destino-o-procedencia-de-china-a-europa-y-costa-rica\/"]}]},{"@type":"ImageObject","inLanguage":"en-US","@id":"https:\/\/www.laboratoriobioclinic.cr\/en\/blog-es\/nuevas-restricciones-a-viajeros-con-destino-o-procedencia-de-china-a-europa-y-costa-rica\/#primaryimage","url":"https:\/\/www.laboratoriobioclinic.cr\/wp-content\/uploads\/2023\/01\/nuevas-medidas-covid-en-costa-rica-scaled.jpg","contentUrl":"https:\/\/www.laboratoriobioclinic.cr\/wp-content\/uploads\/2023\/01\/nuevas-medidas-covid-en-costa-rica-scaled.jpg","width":2560,"height":1440,"caption":"Nuevas medidas en fronteras frente al COVID 19"},{"@type":"WebSite","@id":"https:\/\/laboratoriobioclinic.cr\/es\/#website","url":"https:\/\/laboratoriobioclinic.cr\/es\/","name":"Laboratorio Bioclinic","description":"An\u00e1lisis cl\u00ednicos | Puerto Viejo | Lim\u00f3n","potentialAction":[{"@type":"SearchAction","target":{"@type":"EntryPoint","urlTemplate":"https:\/\/laboratoriobioclinic.cr\/es\/?s={search_term_string}"},"query-input":{"@type":"PropertyValueSpecification","valueRequired":true,"valueName":"search_term_string"}}],"inLanguage":"en-US"},{"@type":"Person","@id":"https:\/\/laboratoriobioclinic.cr\/es\/#\/schema\/person\/22388802b822cf3b3ff7019581c95721","name":"V\u00edctor Hern\u00e1ndez","image":{"@type":"ImageObject","inLanguage":"en-US","@id":"https:\/\/secure.gravatar.com\/avatar\/df86c8d5b329d3be6dc959b83558672fb6ce1002eb345c198ef5458738b7ce88?s=96&d=mm&r=g","url":"https:\/\/secure.gravatar.com\/avatar\/df86c8d5b329d3be6dc959b83558672fb6ce1002eb345c198ef5458738b7ce88?s=96&d=mm&r=g","contentUrl":"https:\/\/secure.gravatar.com\/avatar\/df86c8d5b329d3be6dc959b83558672fb6ce1002eb345c198ef5458738b7ce88?s=96&d=mm&r=g","caption":"V\u00edctor Hern\u00e1ndez"},"url":"https:\/\/www.laboratoriobioclinic.cr\/en\/author\/victor\/"}]}},"_links":{"self":[{"href":"https:\/\/www.laboratoriobioclinic.cr\/en\/wp-json\/wp\/v2\/posts\/671","targetHints":{"allow":["GET"]}}],"collection":[{"href":"https:\/\/www.laboratoriobioclinic.cr\/en\/wp-json\/wp\/v2\/posts"}],"about":[{"href":"https:\/\/www.laboratoriobioclinic.cr\/en\/wp-json\/wp\/v2\/types\/post"}],"author":[{"embeddable":true,"href":"https:\/\/www.laboratoriobioclinic.cr\/en\/wp-json\/wp\/v2\/users\/2"}],"replies":[{"embeddable":true,"href":"https:\/\/www.laboratoriobioclinic.cr\/en\/wp-json\/wp\/v2\/comments?post=671"}],"version-history":[{"count":3,"href":"https:\/\/www.laboratoriobioclinic.cr\/en\/wp-json\/wp\/v2\/posts\/671\/revisions"}],"predecessor-version":[{"id":678,"href":"https:\/\/www.laboratoriobioclinic.cr\/en\/wp-json\/wp\/v2\/posts\/671\/revisions\/678"}],"wp:featuredmedia":[{"embeddable":true,"href":"https:\/\/www.laboratoriobioclinic.cr\/en\/wp-json\/wp\/v2\/media\/672"}],"wp:attachment":[{"href":"https:\/\/www.laboratoriobioclinic.cr\/en\/wp-json\/wp\/v2\/media?parent=671"}],"wp:term":[{"taxonomy":"category","embeddable":true,"href":"https:\/\/www.laboratoriobioclinic.cr\/en\/wp-json\/wp\/v2\/categories?post=671"},{"taxonomy":"post_tag","embeddable":true,"href":"https:\/\/www.laboratoriobioclinic.cr\/en\/wp-json\/wp\/v2\/tags?post=671"}],"curies":[{"name":"wp","href":"https:\/\/api.w.org\/{rel}","templated":true}]}}