{"id":620,"date":"2022-08-25T16:00:18","date_gmt":"2022-08-25T22:00:18","guid":{"rendered":"https:\/\/laboratoriobioclinic.cr\/?p=620"},"modified":"2022-08-25T16:17:05","modified_gmt":"2022-08-25T22:17:05","slug":"todo-lo-que-debe-saber-sobre-la-anemia","status":"publish","type":"post","link":"https:\/\/www.laboratoriobioclinic.cr\/en\/blog-es\/todo-lo-que-debe-saber-sobre-la-anemia\/","title":{"rendered":"Todo lo que debe saber sobre la anemia"},"content":{"rendered":"<h2 class=\"p1\">\u201cTodo lo que debe saber sobre\u201d, es una serie de art\u00edculos con informaci\u00f3n concreta sobre diferentes aspectos<span class=\"Apple-converted-space\">\u00a0 <\/span>de la salud<\/h2>\n<p class=\"p1\">\u00bfSAB\u00cdAS QU\u00c9? La sangre es un tejido que cumple con funciones como defensa contra virus, bacterias y hongos.<\/p>\n<h3 class=\"p1\">\u00bfDE QU\u00c9 EST\u00c1 COMPUESTA LA SANGRE?<\/h3>\n<p class=\"p1\">Los principales componentes de la sangre son: <strong>gl\u00f3bulos rojos<\/strong>, <strong>plaquetas<\/strong> y <strong>gl\u00f3bulos blancos<\/strong>.<\/p>\n<h3 class=\"p1\">\u00bfQU\u00c9 ES LA HEMOGLOBINA Y EL HEMATOCRITO?<\/h3>\n<p class=\"p1\">Los gl\u00f3bulos rojos contienen la <strong>hemoglobina<\/strong>, que es el principal pigmento que transporta ox\u00edgeno a todas las zonas del cuerpo. El hematocrito es un par\u00e1metro importante ya que representa el porcentaje de la sangre que est\u00e1 conformado por gl\u00f3bulos rojos.<\/p>\n<h3 class=\"p1\">\u00bfQU\u00c9 SUCEDE SI TENGO ANEMIA?<\/h3>\n<p class=\"p1\">En una persona con anemia, los gl\u00f3bulos rojos van disminuyendo a niveles que provocan problemas en la salud.<\/p>\n<h3 class=\"p1\">\u00bfCU\u00c1L EXAMEN ME DEBO REALIZAR SI TENGO ANEMIA?<\/h3>\n<p class=\"p1\">El <a href=\"https:\/\/laboratoriobioclinic.cr\/servicios\/servicio-1\/\">hemograma completo<\/a> es el examen que se utiliza para determinar estos par\u00e1metros de hemoglobina y hematocrito. El examen se realiza por medio de una muestra de sangre y no se requiere ayuno previo. En <a href=\"https:\/\/laboratoriobioclinic.cr\/\"><strong>Laboratorio Bioclinic<\/strong><\/a> se cuenta con el personal capacitado y con el equipo de la m\u00e1s alta calidad, cuyo resultado est\u00e1 en poco tiempo pero que brinda informaci\u00f3n importante del estado de salud del paciente. Recuerde que en <strong>Puerto Viejo<\/strong>, <strong>Talamanca<\/strong> est\u00e1n nuestro laboratorio a disposici\u00f3n de la poblaci\u00f3n limonense.<\/p>\n<h3 class=\"p1\">\u00bfCU\u00c1LES SON LOS S\u00cdNTOMAS DE LA ANEMIA?<\/h3>\n<p class=\"p1\">Los pacientes con anemia pueden presentar:<\/p>\n<ul>\n<li class=\"p1\">\n<h4>Cansancio<\/h4>\n<\/li>\n<li class=\"p1\">\n<h4>Palidez<\/h4>\n<\/li>\n<li class=\"p1\">\n<h4>Dolor de cabeza<\/h4>\n<\/li>\n<li class=\"p1\">\n<h4>Debilidad<\/h4>\n<\/li>\n<\/ul>\n<h3 class=\"p1\">\u00bfPOR QU\u00c9 ES IMPORTANTE PREVENIR LA ANEMIA EN EL EMBARAZO?<\/h3>\n<p class=\"p1\">La <strong>anemia<\/strong> es la <strong>enfermedad m\u00e1s frecuente<\/strong> durante el <strong>embarazo,<\/strong> que si no se maneja de la manera adecuada puede generar efectos negativos tanto en el ni\u00f1o como la madre. La causa principal es la <strong>deficiencia de hierro<\/strong>. Es importante que las <strong>mujeres embarazadas<\/strong> lleven un control en el laboratorio cl\u00ednico, ya que existen valores de referencia de hemoglobina en cada trimestre de embarazo, as\u00ed como una determinaci\u00f3n de sus niveles de hierro.<\/p>\n<p class=\"p1\">Es importante que las mujeres embarazadas conozcan sus niveles de hierro y \u00e1cido f\u00f3lico ya que sus requerimientos aumentan durante el embarazo. En <a href=\"https:\/\/laboratoriobioclinic.cr\/\">Laboratorio Bioclinic<\/a> se realiza el <a href=\"https:\/\/laboratoriobioclinic.cr\/servicios\/servicio-1\/\">hemograma completo<\/a>, para determinar anemia durante el embarazo.<\/p>\n<h3 class=\"p1\">\u00bfPOR QU\u00c9 ES IMPORTANTE PREVENIR LA ANEMIA EN LOS NI\u00d1OS?<\/h3>\n<p class=\"p1\">La <strong>anemia<\/strong> es un <strong>problema en salud<\/strong> importante en <strong>poblaci\u00f3n pedi\u00e1trica<\/strong> que seg\u00fan la <a href=\"https:\/\/www.who.int\/es\/publications\/i\/item\/WHO-NMH-NHD-MNM-11.1\">Organizaci\u00f3n Mundial de la Salud<\/a> aqueja a 800 millones de ni\u00f1os, las edades m\u00e1s vulnerables son entre los 0 \u2013 3 a\u00f1os. Es importante tratar la anemia en los ni\u00f1os ya que si no se brinda el tratamiento adecuado tiene consecuencias negativas en la capacidad intelectual ya que puede provocar un desarrollo cognitivo deficiente irreversible.<\/p>\n<p>&nbsp;<\/p>\n<p><strong>Jeffrey Sol\u00eds Sabria | <\/strong>Microbi\u00f3logo y Qu\u00edmico Cl\u00ednico<\/p>\n","protected":false},"excerpt":{"rendered":"<p>\u201cTodo lo que debe saber sobre\u201d, es una serie de art\u00edculos con informaci\u00f3n concreta sobre diferentes aspectos\u00a0 de la salud \u00bfSAB\u00cdAS QU\u00c9? La sangre es un tejido que cumple con funciones como defensa contra virus, bacterias y hongos. \u00bfDE QU\u00c9 EST\u00c1 COMPUESTA LA SANGRE? Los principales componentes de la sangre son: gl\u00f3bulos rojos, plaquetas y [&hellip;]<\/p>\n","protected":false},"author":2,"featured_media":621,"comment_status":"open","ping_status":"open","sticky":false,"template":"","format":"standard","meta":{"footnotes":""},"categories":[15],"tags":[365,47,366,66,369,368,80,85,364,46,370,367,371,45,363,168],"class_list":["post-620","post","type-post","status-publish","format-standard","has-post-thumbnail","hentry","category-blog-es","tag-anemia","tag-bioclinic","tag-cansancio","tag-debilidad","tag-deficiencia-de-hierro","tag-dolor-de-cabeza","tag-embarazo","tag-hemograma","tag-hemograma-completo","tag-laboratorio","tag-mujeres-embarazadas","tag-palidez","tag-poblacin-peditrica","tag-puerto-viejo","tag-sangre","tag-talamanca"],"yoast_head":"<!-- This site is optimized with the Yoast SEO plugin v27.5 - https:\/\/yoast.com\/product\/yoast-seo-wordpress\/ -->\n<title>Todo lo que debe saber sobre la anemia - Laboratorio Bioclinic<\/title>\n<meta name=\"description\" content=\"\u201cTodo lo que debe saber sobre\u201d, es una serie de art\u00edculos con informaci\u00f3n concreta sobre diferentes aspectos\u00a0 de la salud.\" \/>\n<meta name=\"robots\" content=\"index, follow, max-snippet:-1, max-image-preview:large, max-video-preview:-1\" \/>\n<link rel=\"canonical\" href=\"https:\/\/www.laboratoriobioclinic.cr\/en\/blog-es\/todo-lo-que-debe-saber-sobre-la-anemia\/\" \/>\n<meta property=\"og:locale\" content=\"en_US\" \/>\n<meta property=\"og:type\" content=\"article\" \/>\n<meta property=\"og:title\" content=\"Todo lo que debe saber sobre la anemia - Laboratorio Bioclinic\" \/>\n<meta property=\"og:description\" content=\"\u201cTodo lo que debe saber sobre\u201d, es una serie de art\u00edculos con informaci\u00f3n concreta sobre diferentes aspectos\u00a0 de la salud.\" \/>\n<meta property=\"og:url\" content=\"https:\/\/www.laboratoriobioclinic.cr\/en\/blog-es\/todo-lo-que-debe-saber-sobre-la-anemia\/\" \/>\n<meta property=\"og:site_name\" content=\"Laboratorio Bioclinic\" \/>\n<meta property=\"article:published_time\" content=\"2022-08-25T22:00:18+00:00\" \/>\n<meta property=\"article:modified_time\" content=\"2022-08-25T22:17:05+00:00\" \/>\n<meta property=\"og:image\" content=\"https:\/\/www.laboratoriobioclinic.cr\/wp-content\/uploads\/2022\/08\/todo-lo-que-debe-saber-sobre-la-anemia.png\" \/>\n\t<meta property=\"og:image:width\" content=\"536\" \/>\n\t<meta property=\"og:image:height\" content=\"281\" \/>\n\t<meta property=\"og:image:type\" content=\"image\/png\" \/>\n<meta name=\"author\" content=\"V\u00edctor Hern\u00e1ndez\" \/>\n<meta name=\"twitter:card\" content=\"summary_large_image\" \/>\n<meta name=\"twitter:label1\" content=\"Written by\" \/>\n\t<meta name=\"twitter:data1\" content=\"V\u00edctor Hern\u00e1ndez\" \/>\n\t<meta name=\"twitter:label2\" content=\"Est. reading time\" \/>\n\t<meta name=\"twitter:data2\" content=\"3 minutes\" \/>\n<script type=\"application\/ld+json\" class=\"yoast-schema-graph\">{\"@context\":\"https:\\\/\\\/schema.org\",\"@graph\":[{\"@type\":\"Article\",\"@id\":\"https:\\\/\\\/www.laboratoriobioclinic.cr\\\/en\\\/blog-es\\\/todo-lo-que-debe-saber-sobre-la-anemia\\\/#article\",\"isPartOf\":{\"@id\":\"https:\\\/\\\/www.laboratoriobioclinic.cr\\\/en\\\/blog-es\\\/todo-lo-que-debe-saber-sobre-la-anemia\\\/\"},\"author\":{\"name\":\"V\u00edctor Hern\u00e1ndez\",\"@id\":\"https:\\\/\\\/laboratoriobioclinic.cr\\\/es\\\/#\\\/schema\\\/person\\\/22388802b822cf3b3ff7019581c95721\"},\"headline\":\"Todo lo que debe saber sobre la anemia\",\"datePublished\":\"2022-08-25T22:00:18+00:00\",\"dateModified\":\"2022-08-25T22:17:05+00:00\",\"mainEntityOfPage\":{\"@id\":\"https:\\\/\\\/www.laboratoriobioclinic.cr\\\/en\\\/blog-es\\\/todo-lo-que-debe-saber-sobre-la-anemia\\\/\"},\"wordCount\":485,\"commentCount\":0,\"image\":{\"@id\":\"https:\\\/\\\/www.laboratoriobioclinic.cr\\\/en\\\/blog-es\\\/todo-lo-que-debe-saber-sobre-la-anemia\\\/#primaryimage\"},\"thumbnailUrl\":\"https:\\\/\\\/www.laboratoriobioclinic.cr\\\/wp-content\\\/uploads\\\/2022\\\/08\\\/todo-lo-que-debe-saber-sobre-la-anemia.png\",\"keywords\":[\"anemia\",\"bioclinic\",\"cansancio\",\"debilidad\",\"deficiencia de hierro\",\"dolor de cabeza\",\"Embarazo\",\"hemograma\",\"hemograma completo\",\"laboratorio\",\"mujeres embarazadas\",\"palidez\",\"poblaci\u00f3n pedi\u00e1trica\",\"puerto viejo\",\"sangre\",\"Talamanca\"],\"articleSection\":[\"Blog ES\"],\"inLanguage\":\"en-US\",\"potentialAction\":[{\"@type\":\"CommentAction\",\"name\":\"Comment\",\"target\":[\"https:\\\/\\\/www.laboratoriobioclinic.cr\\\/en\\\/blog-es\\\/todo-lo-que-debe-saber-sobre-la-anemia\\\/#respond\"]}]},{\"@type\":\"WebPage\",\"@id\":\"https:\\\/\\\/www.laboratoriobioclinic.cr\\\/en\\\/blog-es\\\/todo-lo-que-debe-saber-sobre-la-anemia\\\/\",\"url\":\"https:\\\/\\\/www.laboratoriobioclinic.cr\\\/en\\\/blog-es\\\/todo-lo-que-debe-saber-sobre-la-anemia\\\/\",\"name\":\"Todo lo que debe saber sobre la anemia - Laboratorio Bioclinic\",\"isPartOf\":{\"@id\":\"https:\\\/\\\/laboratoriobioclinic.cr\\\/es\\\/#website\"},\"primaryImageOfPage\":{\"@id\":\"https:\\\/\\\/www.laboratoriobioclinic.cr\\\/en\\\/blog-es\\\/todo-lo-que-debe-saber-sobre-la-anemia\\\/#primaryimage\"},\"image\":{\"@id\":\"https:\\\/\\\/www.laboratoriobioclinic.cr\\\/en\\\/blog-es\\\/todo-lo-que-debe-saber-sobre-la-anemia\\\/#primaryimage\"},\"thumbnailUrl\":\"https:\\\/\\\/www.laboratoriobioclinic.cr\\\/wp-content\\\/uploads\\\/2022\\\/08\\\/todo-lo-que-debe-saber-sobre-la-anemia.png\",\"datePublished\":\"2022-08-25T22:00:18+00:00\",\"dateModified\":\"2022-08-25T22:17:05+00:00\",\"author\":{\"@id\":\"https:\\\/\\\/laboratoriobioclinic.cr\\\/es\\\/#\\\/schema\\\/person\\\/22388802b822cf3b3ff7019581c95721\"},\"description\":\"\u201cTodo lo que debe saber sobre\u201d, es una serie de art\u00edculos con informaci\u00f3n concreta sobre diferentes aspectos\u00a0 de la salud.\",\"inLanguage\":\"en-US\",\"potentialAction\":[{\"@type\":\"ReadAction\",\"target\":[\"https:\\\/\\\/www.laboratoriobioclinic.cr\\\/en\\\/blog-es\\\/todo-lo-que-debe-saber-sobre-la-anemia\\\/\"]}]},{\"@type\":\"ImageObject\",\"inLanguage\":\"en-US\",\"@id\":\"https:\\\/\\\/www.laboratoriobioclinic.cr\\\/en\\\/blog-es\\\/todo-lo-que-debe-saber-sobre-la-anemia\\\/#primaryimage\",\"url\":\"https:\\\/\\\/www.laboratoriobioclinic.cr\\\/wp-content\\\/uploads\\\/2022\\\/08\\\/todo-lo-que-debe-saber-sobre-la-anemia.png\",\"contentUrl\":\"https:\\\/\\\/www.laboratoriobioclinic.cr\\\/wp-content\\\/uploads\\\/2022\\\/08\\\/todo-lo-que-debe-saber-sobre-la-anemia.png\",\"width\":536,\"height\":281,\"caption\":\"Todo lo que debe saber sobre las anemias\"},{\"@type\":\"WebSite\",\"@id\":\"https:\\\/\\\/laboratoriobioclinic.cr\\\/es\\\/#website\",\"url\":\"https:\\\/\\\/laboratoriobioclinic.cr\\\/es\\\/\",\"name\":\"Laboratorio Bioclinic\",\"description\":\"An\u00e1lisis cl\u00ednicos | Puerto Viejo | Lim\u00f3n\",\"potentialAction\":[{\"@type\":\"SearchAction\",\"target\":{\"@type\":\"EntryPoint\",\"urlTemplate\":\"https:\\\/\\\/laboratoriobioclinic.cr\\\/es\\\/?s={search_term_string}\"},\"query-input\":{\"@type\":\"PropertyValueSpecification\",\"valueRequired\":true,\"valueName\":\"search_term_string\"}}],\"inLanguage\":\"en-US\"},{\"@type\":\"Person\",\"@id\":\"https:\\\/\\\/laboratoriobioclinic.cr\\\/es\\\/#\\\/schema\\\/person\\\/22388802b822cf3b3ff7019581c95721\",\"name\":\"V\u00edctor Hern\u00e1ndez\",\"image\":{\"@type\":\"ImageObject\",\"inLanguage\":\"en-US\",\"@id\":\"https:\\\/\\\/secure.gravatar.com\\\/avatar\\\/df86c8d5b329d3be6dc959b83558672fb6ce1002eb345c198ef5458738b7ce88?s=96&d=mm&r=g\",\"url\":\"https:\\\/\\\/secure.gravatar.com\\\/avatar\\\/df86c8d5b329d3be6dc959b83558672fb6ce1002eb345c198ef5458738b7ce88?s=96&d=mm&r=g\",\"contentUrl\":\"https:\\\/\\\/secure.gravatar.com\\\/avatar\\\/df86c8d5b329d3be6dc959b83558672fb6ce1002eb345c198ef5458738b7ce88?s=96&d=mm&r=g\",\"caption\":\"V\u00edctor Hern\u00e1ndez\"},\"url\":\"https:\\\/\\\/www.laboratoriobioclinic.cr\\\/en\\\/author\\\/victor\\\/\"}]}<\/script>\n<!-- \/ Yoast SEO plugin. -->","yoast_head_json":{"title":"Todo lo que debe saber sobre la anemia - Laboratorio Bioclinic","description":"\u201cTodo lo que debe saber sobre\u201d, es una serie de art\u00edculos con informaci\u00f3n concreta sobre diferentes aspectos\u00a0 de la salud.","robots":{"index":"index","follow":"follow","max-snippet":"max-snippet:-1","max-image-preview":"max-image-preview:large","max-video-preview":"max-video-preview:-1"},"canonical":"https:\/\/www.laboratoriobioclinic.cr\/en\/blog-es\/todo-lo-que-debe-saber-sobre-la-anemia\/","og_locale":"en_US","og_type":"article","og_title":"Todo lo que debe saber sobre la anemia - Laboratorio Bioclinic","og_description":"\u201cTodo lo que debe saber sobre\u201d, es una serie de art\u00edculos con informaci\u00f3n concreta sobre diferentes aspectos\u00a0 de la salud.","og_url":"https:\/\/www.laboratoriobioclinic.cr\/en\/blog-es\/todo-lo-que-debe-saber-sobre-la-anemia\/","og_site_name":"Laboratorio Bioclinic","article_published_time":"2022-08-25T22:00:18+00:00","article_modified_time":"2022-08-25T22:17:05+00:00","og_image":[{"width":536,"height":281,"url":"https:\/\/www.laboratoriobioclinic.cr\/wp-content\/uploads\/2022\/08\/todo-lo-que-debe-saber-sobre-la-anemia.png","type":"image\/png"}],"author":"V\u00edctor Hern\u00e1ndez","twitter_card":"summary_large_image","twitter_misc":{"Written by":"V\u00edctor Hern\u00e1ndez","Est. reading time":"3 minutes"},"schema":{"@context":"https:\/\/schema.org","@graph":[{"@type":"Article","@id":"https:\/\/www.laboratoriobioclinic.cr\/en\/blog-es\/todo-lo-que-debe-saber-sobre-la-anemia\/#article","isPartOf":{"@id":"https:\/\/www.laboratoriobioclinic.cr\/en\/blog-es\/todo-lo-que-debe-saber-sobre-la-anemia\/"},"author":{"name":"V\u00edctor Hern\u00e1ndez","@id":"https:\/\/laboratoriobioclinic.cr\/es\/#\/schema\/person\/22388802b822cf3b3ff7019581c95721"},"headline":"Todo lo que debe saber sobre la anemia","datePublished":"2022-08-25T22:00:18+00:00","dateModified":"2022-08-25T22:17:05+00:00","mainEntityOfPage":{"@id":"https:\/\/www.laboratoriobioclinic.cr\/en\/blog-es\/todo-lo-que-debe-saber-sobre-la-anemia\/"},"wordCount":485,"commentCount":0,"image":{"@id":"https:\/\/www.laboratoriobioclinic.cr\/en\/blog-es\/todo-lo-que-debe-saber-sobre-la-anemia\/#primaryimage"},"thumbnailUrl":"https:\/\/www.laboratoriobioclinic.cr\/wp-content\/uploads\/2022\/08\/todo-lo-que-debe-saber-sobre-la-anemia.png","keywords":["anemia","bioclinic","cansancio","debilidad","deficiencia de hierro","dolor de cabeza","Embarazo","hemograma","hemograma completo","laboratorio","mujeres embarazadas","palidez","poblaci\u00f3n pedi\u00e1trica","puerto viejo","sangre","Talamanca"],"articleSection":["Blog ES"],"inLanguage":"en-US","potentialAction":[{"@type":"CommentAction","name":"Comment","target":["https:\/\/www.laboratoriobioclinic.cr\/en\/blog-es\/todo-lo-que-debe-saber-sobre-la-anemia\/#respond"]}]},{"@type":"WebPage","@id":"https:\/\/www.laboratoriobioclinic.cr\/en\/blog-es\/todo-lo-que-debe-saber-sobre-la-anemia\/","url":"https:\/\/www.laboratoriobioclinic.cr\/en\/blog-es\/todo-lo-que-debe-saber-sobre-la-anemia\/","name":"Todo lo que debe saber sobre la anemia - Laboratorio Bioclinic","isPartOf":{"@id":"https:\/\/laboratoriobioclinic.cr\/es\/#website"},"primaryImageOfPage":{"@id":"https:\/\/www.laboratoriobioclinic.cr\/en\/blog-es\/todo-lo-que-debe-saber-sobre-la-anemia\/#primaryimage"},"image":{"@id":"https:\/\/www.laboratoriobioclinic.cr\/en\/blog-es\/todo-lo-que-debe-saber-sobre-la-anemia\/#primaryimage"},"thumbnailUrl":"https:\/\/www.laboratoriobioclinic.cr\/wp-content\/uploads\/2022\/08\/todo-lo-que-debe-saber-sobre-la-anemia.png","datePublished":"2022-08-25T22:00:18+00:00","dateModified":"2022-08-25T22:17:05+00:00","author":{"@id":"https:\/\/laboratoriobioclinic.cr\/es\/#\/schema\/person\/22388802b822cf3b3ff7019581c95721"},"description":"\u201cTodo lo que debe saber sobre\u201d, es una serie de art\u00edculos con informaci\u00f3n concreta sobre diferentes aspectos\u00a0 de la salud.","inLanguage":"en-US","potentialAction":[{"@type":"ReadAction","target":["https:\/\/www.laboratoriobioclinic.cr\/en\/blog-es\/todo-lo-que-debe-saber-sobre-la-anemia\/"]}]},{"@type":"ImageObject","inLanguage":"en-US","@id":"https:\/\/www.laboratoriobioclinic.cr\/en\/blog-es\/todo-lo-que-debe-saber-sobre-la-anemia\/#primaryimage","url":"https:\/\/www.laboratoriobioclinic.cr\/wp-content\/uploads\/2022\/08\/todo-lo-que-debe-saber-sobre-la-anemia.png","contentUrl":"https:\/\/www.laboratoriobioclinic.cr\/wp-content\/uploads\/2022\/08\/todo-lo-que-debe-saber-sobre-la-anemia.png","width":536,"height":281,"caption":"Todo lo que debe saber sobre las anemias"},{"@type":"WebSite","@id":"https:\/\/laboratoriobioclinic.cr\/es\/#website","url":"https:\/\/laboratoriobioclinic.cr\/es\/","name":"Laboratorio Bioclinic","description":"An\u00e1lisis cl\u00ednicos | Puerto Viejo | Lim\u00f3n","potentialAction":[{"@type":"SearchAction","target":{"@type":"EntryPoint","urlTemplate":"https:\/\/laboratoriobioclinic.cr\/es\/?s={search_term_string}"},"query-input":{"@type":"PropertyValueSpecification","valueRequired":true,"valueName":"search_term_string"}}],"inLanguage":"en-US"},{"@type":"Person","@id":"https:\/\/laboratoriobioclinic.cr\/es\/#\/schema\/person\/22388802b822cf3b3ff7019581c95721","name":"V\u00edctor Hern\u00e1ndez","image":{"@type":"ImageObject","inLanguage":"en-US","@id":"https:\/\/secure.gravatar.com\/avatar\/df86c8d5b329d3be6dc959b83558672fb6ce1002eb345c198ef5458738b7ce88?s=96&d=mm&r=g","url":"https:\/\/secure.gravatar.com\/avatar\/df86c8d5b329d3be6dc959b83558672fb6ce1002eb345c198ef5458738b7ce88?s=96&d=mm&r=g","contentUrl":"https:\/\/secure.gravatar.com\/avatar\/df86c8d5b329d3be6dc959b83558672fb6ce1002eb345c198ef5458738b7ce88?s=96&d=mm&r=g","caption":"V\u00edctor Hern\u00e1ndez"},"url":"https:\/\/www.laboratoriobioclinic.cr\/en\/author\/victor\/"}]}},"_links":{"self":[{"href":"https:\/\/www.laboratoriobioclinic.cr\/en\/wp-json\/wp\/v2\/posts\/620","targetHints":{"allow":["GET"]}}],"collection":[{"href":"https:\/\/www.laboratoriobioclinic.cr\/en\/wp-json\/wp\/v2\/posts"}],"about":[{"href":"https:\/\/www.laboratoriobioclinic.cr\/en\/wp-json\/wp\/v2\/types\/post"}],"author":[{"embeddable":true,"href":"https:\/\/www.laboratoriobioclinic.cr\/en\/wp-json\/wp\/v2\/users\/2"}],"replies":[{"embeddable":true,"href":"https:\/\/www.laboratoriobioclinic.cr\/en\/wp-json\/wp\/v2\/comments?post=620"}],"version-history":[{"count":6,"href":"https:\/\/www.laboratoriobioclinic.cr\/en\/wp-json\/wp\/v2\/posts\/620\/revisions"}],"predecessor-version":[{"id":627,"href":"https:\/\/www.laboratoriobioclinic.cr\/en\/wp-json\/wp\/v2\/posts\/620\/revisions\/627"}],"wp:featuredmedia":[{"embeddable":true,"href":"https:\/\/www.laboratoriobioclinic.cr\/en\/wp-json\/wp\/v2\/media\/621"}],"wp:attachment":[{"href":"https:\/\/www.laboratoriobioclinic.cr\/en\/wp-json\/wp\/v2\/media?parent=620"}],"wp:term":[{"taxonomy":"category","embeddable":true,"href":"https:\/\/www.laboratoriobioclinic.cr\/en\/wp-json\/wp\/v2\/categories?post=620"},{"taxonomy":"post_tag","embeddable":true,"href":"https:\/\/www.laboratoriobioclinic.cr\/en\/wp-json\/wp\/v2\/tags?post=620"}],"curies":[{"name":"wp","href":"https:\/\/api.w.org\/{rel}","templated":true}]}}